{"id":1036,"date":"2022-09-22T08:08:49","date_gmt":"2022-09-22T08:08:49","guid":{"rendered":"https:\/\/komarom.egyhazkozseg.hu\/?p=1036"},"modified":"2022-09-22T18:05:13","modified_gmt":"2022-09-22T18:05:13","slug":"tanevnyito-istentisztelet-lesz-2022-09-25-iken","status":"publish","type":"post","link":"https:\/\/komarom.egyhazkozseg.hu\/?p=1036","title":{"rendered":"Tan\u00e9vnyit\u00f3 Istentisztelet lesz 2022.09.25-ik\u00e9n"},"content":{"rendered":"\n<p>Tan\u00e9vnyit\u00f3 Istentiszteletet tartunk 09-25-ik\u00e9n 09.30-t\u00f3l Kom\u00e1romban az Evang\u00e9likus imah\u00e1zban. Szeretettel h\u00edvunk minden hittanos gyermeket csal\u00e1djaikkal \u00e9s term\u00e9sztesen minden di\u00e1kot, aki az \u00dar \u00e1ld\u00e1s\u00e1val ind\u00edtan\u00e1 ezt a tan\u00e9vet is.<\/p>\n\n\n\n<figure class=\"wp-block-image size-large\"><img fetchpriority=\"high\" decoding=\"async\" width=\"724\" height=\"1024\" src=\"https:\/\/komarom.egyhazkozseg.hu\/wp-content\/uploads\/sites\/55\/2022\/09\/E76BFDAE-D861-42E5-B05A-A3379AFD9964-724x1024.png\" alt=\"\" class=\"wp-image-1037\" srcset=\"https:\/\/komarom.egyhazkozseg.hu\/wp-content\/uploads\/sites\/55\/2022\/09\/E76BFDAE-D861-42E5-B05A-A3379AFD9964-724x1024.png 724w, https:\/\/komarom.egyhazkozseg.hu\/wp-content\/uploads\/sites\/55\/2022\/09\/E76BFDAE-D861-42E5-B05A-A3379AFD9964-212x300.png 212w, https:\/\/komarom.egyhazkozseg.hu\/wp-content\/uploads\/sites\/55\/2022\/09\/E76BFDAE-D861-42E5-B05A-A3379AFD9964-768x1086.png 768w, https:\/\/komarom.egyhazkozseg.hu\/wp-content\/uploads\/sites\/55\/2022\/09\/E76BFDAE-D861-42E5-B05A-A3379AFD9964-1086x1536.png 1086w, https:\/\/komarom.egyhazkozseg.hu\/wp-content\/uploads\/sites\/55\/2022\/09\/E76BFDAE-D861-42E5-B05A-A3379AFD9964-1448x2048.png 1448w, https:\/\/komarom.egyhazkozseg.hu\/wp-content\/uploads\/sites\/55\/2022\/09\/E76BFDAE-D861-42E5-B05A-A3379AFD9964.png 1587w\" sizes=\"(max-width: 724px) 100vw, 724px\" \/><\/figure>\n","protected":false},"excerpt":{"rendered":"<p>Tan\u00e9vnyit\u00f3 Istentiszteletet tartunk 09-25-ik\u00e9n 09.30-t\u00f3l Kom\u00e1romban az Evang\u00e9likus imah\u00e1zban. Szeretettel h\u00edvunk minden hittanos gyermeket csal\u00e1djaikkal \u00e9s term\u00e9sztesen minden di\u00e1kot, aki az \u00dar \u00e1ld\u00e1s\u00e1val ind\u00edtan\u00e1 ezt a tan\u00e9vet is.<\/p>\n","protected":false},"author":52,"featured_media":0,"comment_status":"closed","ping_status":"closed","sticky":false,"template":"","format":"standard","meta":{"_monsterinsights_skip_tracking":false,"_monsterinsights_sitenote_active":false,"_monsterinsights_sitenote_note":"","_monsterinsights_sitenote_category":0,"_themeisle_gutenberg_block_has_review":false,"footnotes":""},"categories":[1],"tags":[],"class_list":["post-1036","post","type-post","status-publish","format-standard","hentry","category-egyeb"],"jetpack_featured_media_url":"","_links":{"self":[{"href":"https:\/\/komarom.egyhazkozseg.hu\/index.php?rest_route=\/wp\/v2\/posts\/1036","targetHints":{"allow":["GET"]}}],"collection":[{"href":"https:\/\/komarom.egyhazkozseg.hu\/index.php?rest_route=\/wp\/v2\/posts"}],"about":[{"href":"https:\/\/komarom.egyhazkozseg.hu\/index.php?rest_route=\/wp\/v2\/types\/post"}],"author":[{"embeddable":true,"href":"https:\/\/komarom.egyhazkozseg.hu\/index.php?rest_route=\/wp\/v2\/users\/52"}],"replies":[{"embeddable":true,"href":"https:\/\/komarom.egyhazkozseg.hu\/index.php?rest_route=%2Fwp%2Fv2%2Fcomments&post=1036"}],"version-history":[{"count":2,"href":"https:\/\/komarom.egyhazkozseg.hu\/index.php?rest_route=\/wp\/v2\/posts\/1036\/revisions"}],"predecessor-version":[{"id":1040,"href":"https:\/\/komarom.egyhazkozseg.hu\/index.php?rest_route=\/wp\/v2\/posts\/1036\/revisions\/1040"}],"wp:attachment":[{"href":"https:\/\/komarom.egyhazkozseg.hu\/index.php?rest_route=%2Fwp%2Fv2%2Fmedia&parent=1036"}],"wp:term":[{"taxonomy":"category","embeddable":true,"href":"https:\/\/komarom.egyhazkozseg.hu\/index.php?rest_route=%2Fwp%2Fv2%2Fcategories&post=1036"},{"taxonomy":"post_tag","embeddable":true,"href":"https:\/\/komarom.egyhazkozseg.hu\/index.php?rest_route=%2Fwp%2Fv2%2Ftags&post=1036"}],"curies":[{"name":"wp","href":"https:\/\/api.w.org\/{rel}","templated":true}]}}