{"id":1086,"date":"2022-11-18T10:17:47","date_gmt":"2022-11-18T10:17:47","guid":{"rendered":"https:\/\/komarom.egyhazkozseg.hu\/?p=1086"},"modified":"2022-11-18T10:18:29","modified_gmt":"2022-11-18T10:18:29","slug":"a-gyulekezet-elo-remenysege-jezus-krisztus%ef%bf%bc%ef%bf%bc","status":"publish","type":"post","link":"https:\/\/komarom.egyhazkozseg.hu\/?p=1086","title":{"rendered":"A gy\u00fclekezet \u00e9l\u0151 rem\u00e9nys\u00e9ge: J\u00e9zus Krisztus!\ufffc\ufffc"},"content":{"rendered":"\n<p>H\u00e1laad\u00f3 Istentisztelet \u00e9s nap az Ag\u00f3ra k\u00f6z\u00f6ss\u00e9gi t\u00e9r felavat\u00e1s\u00e1\u00e9rt<\/p>\n\n\n\n<p>\u00dcnnepi alkalommal adott h\u00e1l\u00e1t gy\u00fclekezet\u00fcnk az elk\u00e9sz\u00fclt Ag\u00f3ra K\u00f6z\u00f6ss\u00e9gi t\u00e9r\u00e9rt november 6-\u00e1n.<\/p>\n\n\n\n<figure class=\"wp-block-image size-large\"><img fetchpriority=\"high\" decoding=\"async\" width=\"1024\" height=\"685\" src=\"https:\/\/komarom.egyhazkozseg.hu\/wp-content\/uploads\/sites\/55\/2022\/11\/74A4F7FC-26D5-4EEA-91CF-EA17A517E03D-1024x685.jpeg\" alt=\"\" class=\"wp-image-1088\" srcset=\"https:\/\/komarom.egyhazkozseg.hu\/wp-content\/uploads\/sites\/55\/2022\/11\/74A4F7FC-26D5-4EEA-91CF-EA17A517E03D-1024x685.jpeg 1024w, https:\/\/komarom.egyhazkozseg.hu\/wp-content\/uploads\/sites\/55\/2022\/11\/74A4F7FC-26D5-4EEA-91CF-EA17A517E03D-300x201.jpeg 300w, https:\/\/komarom.egyhazkozseg.hu\/wp-content\/uploads\/sites\/55\/2022\/11\/74A4F7FC-26D5-4EEA-91CF-EA17A517E03D-768x514.jpeg 768w, https:\/\/komarom.egyhazkozseg.hu\/wp-content\/uploads\/sites\/55\/2022\/11\/74A4F7FC-26D5-4EEA-91CF-EA17A517E03D-1536x1028.jpeg 1536w, https:\/\/komarom.egyhazkozseg.hu\/wp-content\/uploads\/sites\/55\/2022\/11\/74A4F7FC-26D5-4EEA-91CF-EA17A517E03D-2048x1371.jpeg 2048w\" sizes=\"(max-width: 1024px) 100vw, 1024px\" \/><figcaption>Kiss M\u00e1t\u00e9 lelk\u00e9sz, Szarka Istv\u00e1n esperes<\/figcaption><\/figure>\n\n\n\n<p>Az elk\u00e9sz\u00fclt, \u00faj, alkalmaknak helyet ad\u00f3 t\u00e9r, els\u0151sorban k\u00e9t funkci\u00f3t t\u00f6lt majd be- mondja Kiss M\u00e1t\u00e9 lelk\u00e9sz: Az egyik c\u00e9lunk, hogy szeretn\u00e9nk kereszt\u00e9ny lelkigondoz\u00e1st biztos\u00edtani, amire kereszt\u00e9ny lelkigondoz\u00f3i szob\u00e1t alak\u00edtottunk ki. A m\u00e1sik alkalom az ifi klubhoz hasonl\u00f3an m\u0171k\u00f6dne: feln\u0151ttek sz\u00e1m\u00e1ra adn\u00e1nk k\u00f6tetlen besz\u00e9lget\u00e9sekre helyet. A k\u00e9s\u0151bbiekben k\u00f6z\u00f6ss\u00e9gi esteket is szeretn\u00e9nk tartani itt az Ag\u00f3ra k\u00f6z\u00f6ss\u00e9gi t\u00e9rben.<\/p>\n\n\n\n<figure class=\"wp-block-image size-large\"><img decoding=\"async\" width=\"1024\" height=\"685\" src=\"https:\/\/komarom.egyhazkozseg.hu\/wp-content\/uploads\/sites\/55\/2022\/11\/11ADE9C0-BDF5-4015-B63F-406D1D6AE155-1024x685.jpeg\" alt=\"\" class=\"wp-image-1091\" srcset=\"https:\/\/komarom.egyhazkozseg.hu\/wp-content\/uploads\/sites\/55\/2022\/11\/11ADE9C0-BDF5-4015-B63F-406D1D6AE155-1024x685.jpeg 1024w, https:\/\/komarom.egyhazkozseg.hu\/wp-content\/uploads\/sites\/55\/2022\/11\/11ADE9C0-BDF5-4015-B63F-406D1D6AE155-300x201.jpeg 300w, https:\/\/komarom.egyhazkozseg.hu\/wp-content\/uploads\/sites\/55\/2022\/11\/11ADE9C0-BDF5-4015-B63F-406D1D6AE155-768x514.jpeg 768w, https:\/\/komarom.egyhazkozseg.hu\/wp-content\/uploads\/sites\/55\/2022\/11\/11ADE9C0-BDF5-4015-B63F-406D1D6AE155-1536x1028.jpeg 1536w, https:\/\/komarom.egyhazkozseg.hu\/wp-content\/uploads\/sites\/55\/2022\/11\/11ADE9C0-BDF5-4015-B63F-406D1D6AE155-2048x1371.jpeg 2048w\" sizes=\"(max-width: 1024px) 100vw, 1024px\" \/><figcaption>Dr. Moln\u00e1r Attila polg\u00e1rmester<\/figcaption><\/figure>\n\n\n\n<p>A h\u00e1laad\u00f3 vas\u00e1rnapon tisztelet\u00e9t tette Moln\u00e1r Attila polg\u00e1rmester \u00far, aki v\u00e9gig t\u00e1mogat\u00e1sr\u00f3l biztos\u00edtotta a gy\u00fclekezetet. Fontos megeml\u00edteni, hogy a k\u00f6z\u00f6ss\u00e9gi t\u00e9r t\u00f6bb Isten \u00e1ltal ind\u00edtott adom\u00e1nyb\u00f3l \u00fajulhatott meg: \u00edgy k\u00e9sz\u00fcltek a fest\u00e9si munk\u00e1latok, vagy ak\u00e1r a helys\u00e9g berendez\u00e9se is.<\/p>\n\n\n\n<figure class=\"wp-block-image size-large\"><img decoding=\"async\" width=\"1024\" height=\"685\" src=\"https:\/\/komarom.egyhazkozseg.hu\/wp-content\/uploads\/sites\/55\/2022\/11\/2F516AEC-748A-4013-9F1F-80B37E697BA4-1024x685.jpeg\" alt=\"\" class=\"wp-image-1090\" srcset=\"https:\/\/komarom.egyhazkozseg.hu\/wp-content\/uploads\/sites\/55\/2022\/11\/2F516AEC-748A-4013-9F1F-80B37E697BA4-1024x685.jpeg 1024w, https:\/\/komarom.egyhazkozseg.hu\/wp-content\/uploads\/sites\/55\/2022\/11\/2F516AEC-748A-4013-9F1F-80B37E697BA4-300x201.jpeg 300w, https:\/\/komarom.egyhazkozseg.hu\/wp-content\/uploads\/sites\/55\/2022\/11\/2F516AEC-748A-4013-9F1F-80B37E697BA4-768x514.jpeg 768w, https:\/\/komarom.egyhazkozseg.hu\/wp-content\/uploads\/sites\/55\/2022\/11\/2F516AEC-748A-4013-9F1F-80B37E697BA4-1536x1028.jpeg 1536w, https:\/\/komarom.egyhazkozseg.hu\/wp-content\/uploads\/sites\/55\/2022\/11\/2F516AEC-748A-4013-9F1F-80B37E697BA4-2048x1371.jpeg 2048w\" sizes=\"(max-width: 1024px) 100vw, 1024px\" \/><figcaption>Kom\u00e1romi Evang\u00e9likus Gy\u00fclekezet \u00e9nekkara<\/figcaption><\/figure>\n\n\n\n<p>Az istentisztelet kezdet\u00e9n, az \u00e9nekkar szolg\u00e1lat\u00e1t hallgathattuk meg, majd ig\u00e9t hirdetett Szarka Istv\u00e1n nagytisztelet\u0171 espres \u00far, P\u00e9ter els\u0151 level\u00e9nek els\u0151 fejezet\u00e9b\u0151l vett iger\u00e9sz alapj\u00e1n.<\/p>\n\n\n\n<figure class=\"wp-block-image size-large\"><img loading=\"lazy\" decoding=\"async\" width=\"685\" height=\"1024\" src=\"https:\/\/komarom.egyhazkozseg.hu\/wp-content\/uploads\/sites\/55\/2022\/11\/AA44E1C8-2A37-4203-9121-97CC359C9C55-685x1024.jpeg\" alt=\"\" class=\"wp-image-1092\" srcset=\"https:\/\/komarom.egyhazkozseg.hu\/wp-content\/uploads\/sites\/55\/2022\/11\/AA44E1C8-2A37-4203-9121-97CC359C9C55-685x1024.jpeg 685w, https:\/\/komarom.egyhazkozseg.hu\/wp-content\/uploads\/sites\/55\/2022\/11\/AA44E1C8-2A37-4203-9121-97CC359C9C55-201x300.jpeg 201w, https:\/\/komarom.egyhazkozseg.hu\/wp-content\/uploads\/sites\/55\/2022\/11\/AA44E1C8-2A37-4203-9121-97CC359C9C55-768x1147.jpeg 768w, https:\/\/komarom.egyhazkozseg.hu\/wp-content\/uploads\/sites\/55\/2022\/11\/AA44E1C8-2A37-4203-9121-97CC359C9C55-1028x1536.jpeg 1028w, https:\/\/komarom.egyhazkozseg.hu\/wp-content\/uploads\/sites\/55\/2022\/11\/AA44E1C8-2A37-4203-9121-97CC359C9C55-1371x2048.jpeg 1371w, https:\/\/komarom.egyhazkozseg.hu\/wp-content\/uploads\/sites\/55\/2022\/11\/AA44E1C8-2A37-4203-9121-97CC359C9C55-scaled.jpeg 1714w\" sizes=\"(max-width: 685px) 100vw, 685px\" \/><figcaption>Szarka Istv\u00e1n esperes<\/figcaption><\/figure>\n\n\n\n<p>Az igehirdet\u00e9sben elmondta, hogy nagy \u00f6r\u00f6m van a sz\u00edv\u00e9ben, hiszen l\u00e1tta Isten munk\u00e1j\u00e1t a hull\u00e1mv\u00f6lgyek ut\u00e1n a Kom\u00e1romi Evang\u00e9likus gy\u00fclekezetben, hiszen alig h\u00e1rom \u00e9ve m\u00e9g a gy\u00fclekezet ingatlanj\u00e1nak elad\u00e1s is sz\u00f3ba ker\u00fclt, a szer\u00e9ny bev\u00e9telek miatt. Azonban, nek\u00fcnk- hangzott az alkalmon- nem halott, hanem \u00e9l\u0151 k\u00f6vekben kell szolg\u00e1lni az Urat. Krisztus az alap, mint er\u0151s szikla, mert ez az igazi egyh\u00e1z, bels\u0151, szil\u00e1rd hittel tekint J\u00e9zus Krisztusra.<\/p>\n\n\n\n<p>Sok im\u00e1ds\u00e1g \u00e9s \u00f6sszefog\u00e1s \u00e1r\u00e1n visszaker\u00fcltek a terek \u2013 a vezet\u00e9st hitben hozta meg d\u00f6nt\u00e9s\u00e9t: miszerint, ezut\u00e1n nem a helys\u00e9gek kiad\u00e1s\u00e1b\u00f3l szeretn\u00e9nek \u00e9lni, hanem hitb\u0151l. Felsz\u00e1molt\u00e1k az alaksorban a boltot, \u00e9s a kor\u00e1bban, a szomsz\u00e9d kocsm\u00e1nak b\u00e9rbe adott kerthelys\u00e9get is.<\/p>\n\n\n\n<p>Akik pedig a Szentl\u00e9lek hat\u00e1s\u00e1ra hajland\u00f3ak elindulni ezen a nem szokv\u00e1nyos \u00faton, csod\u00e1kat fognak meg\u00e9lni. Ahogy meg is \u00e9lte ez a gy\u00fclekezet a csod\u00e1kat, hiszen, amikor fel\u00faj\u00edt\u00e1sok elindultak, egyszer csak j\u00f6tt egy ember \u00e9s elv\u00e1llalta a fest\u00e9st.<\/p>\n\n\n\n<p>A hitb\u0151l \u00e9l\u0151 ember kicsit \u00fagy \u00e9p\u00edtkezik, ahogy Wass Albert: El\u0151hang c\u00edm\u0171 ves\u00e9ben olvassuk:&nbsp;<em>\u201eVolt egyszer egy ember, aki az \u0151 h\u00e1za udvar\u00e1n oszlopot \u00e9p\u00edtett az \u0151 Isten\u00e9nek. De az oszlopot nem m\u00e1rv\u00e1nyb\u00f3l faragta, nem k\u0151b\u0151l \u00e9p\u00edtette, hanem ezer, meg ezer apr\u00f3 csill\u00e1ml\u00f3 homok-szemcs\u00e9b\u0151l, \u00e9s a homok-szemcs\u00e9ket k\u00f6ddel k\u00f6t\u00f6tte \u00f6ssze. \u00c9s az emberek, akik arra j\u00e1rva l\u00e1tt\u00e1k, nevettek rajta \u00e9s azt mondt\u00e1k: bolond.\u201d<\/em><\/p>\n\n\n\n<figure class=\"wp-block-image size-large\"><img loading=\"lazy\" decoding=\"async\" width=\"1024\" height=\"685\" src=\"https:\/\/komarom.egyhazkozseg.hu\/wp-content\/uploads\/sites\/55\/2022\/11\/8B051377-6C92-4FC2-80C8-174C8759703C-1-1024x685.jpeg\" alt=\"\" class=\"wp-image-1093\" srcset=\"https:\/\/komarom.egyhazkozseg.hu\/wp-content\/uploads\/sites\/55\/2022\/11\/8B051377-6C92-4FC2-80C8-174C8759703C-1-1024x685.jpeg 1024w, https:\/\/komarom.egyhazkozseg.hu\/wp-content\/uploads\/sites\/55\/2022\/11\/8B051377-6C92-4FC2-80C8-174C8759703C-1-300x201.jpeg 300w, https:\/\/komarom.egyhazkozseg.hu\/wp-content\/uploads\/sites\/55\/2022\/11\/8B051377-6C92-4FC2-80C8-174C8759703C-1-768x514.jpeg 768w, https:\/\/komarom.egyhazkozseg.hu\/wp-content\/uploads\/sites\/55\/2022\/11\/8B051377-6C92-4FC2-80C8-174C8759703C-1-1536x1028.jpeg 1536w, https:\/\/komarom.egyhazkozseg.hu\/wp-content\/uploads\/sites\/55\/2022\/11\/8B051377-6C92-4FC2-80C8-174C8759703C-1-2048x1371.jpeg 2048w\" sizes=\"(max-width: 1024px) 100vw, 1024px\" \/><figcaption>Kiss M\u00e1t\u00e9 lelk\u00e9sz, Szarka Istv\u00e1n esperes, Moln\u00e1r Istv\u00e1n egyh\u00e1zmegyei fel\u00fcgyel\u0151<\/figcaption><\/figure>\n\n\n\n<p>Ha az \u00e9let\u00fcnk szikla-szil\u00e1rd bizonyoss\u00e1ga nincs meg: a J\u00e9zus Krisztusban val\u00f3 hit, akkor valami d\u00fcl\u00f6ng\u00e9l \u00e9s bizonytalan. Fontos, hogy Isten sz\u00e1m\u00e1ra sosem a l\u00e9tsz\u00e1m \u00e9s a sz\u00e1mok jelentenek valamit, hanem a bels\u0151 elk\u00f6telez\u0151d\u00e9s, mert egy ember is tud j\u00f3 kov\u00e1sz lenni.&nbsp;<\/p>\n\n\n\n<p>Ez a k\u00f6z\u00f6ss\u00e9g nagy v\u00e1ltoz\u00e1son megy \u00e1t, b\u00e1rmilyen hull\u00e1m is j\u00f6jj\u00f6n! Szarka Istv\u00e1n esperes im\u00e1ds\u00e1gos sz\u00edvvel gondol a gy\u00fclekezet szolg\u00e1lat\u00e1ra, hiszi, hogy ezt a k\u00f6z\u00f6ss\u00e9get Isten l\u00e1that\u00f3 jelk\u00e9nt tett ebbe a v\u00e1rosba, hogy min\u00e9l t\u00f6bb embert eljuthasson az \u00fcdv\u00f6ss\u00e9gre, J\u00e9zus Krisztus megismer\u00e9s\u00e9re.<\/p>\n\n\n\n<figure class=\"wp-block-image size-large\"><img loading=\"lazy\" decoding=\"async\" width=\"1024\" height=\"685\" src=\"https:\/\/komarom.egyhazkozseg.hu\/wp-content\/uploads\/sites\/55\/2022\/11\/A479AC97-F6D2-4614-99B1-6F1632C30A2C-1024x685.jpeg\" alt=\"\" class=\"wp-image-1094\" srcset=\"https:\/\/komarom.egyhazkozseg.hu\/wp-content\/uploads\/sites\/55\/2022\/11\/A479AC97-F6D2-4614-99B1-6F1632C30A2C-1024x685.jpeg 1024w, https:\/\/komarom.egyhazkozseg.hu\/wp-content\/uploads\/sites\/55\/2022\/11\/A479AC97-F6D2-4614-99B1-6F1632C30A2C-300x201.jpeg 300w, https:\/\/komarom.egyhazkozseg.hu\/wp-content\/uploads\/sites\/55\/2022\/11\/A479AC97-F6D2-4614-99B1-6F1632C30A2C-768x514.jpeg 768w, https:\/\/komarom.egyhazkozseg.hu\/wp-content\/uploads\/sites\/55\/2022\/11\/A479AC97-F6D2-4614-99B1-6F1632C30A2C-1536x1028.jpeg 1536w, https:\/\/komarom.egyhazkozseg.hu\/wp-content\/uploads\/sites\/55\/2022\/11\/A479AC97-F6D2-4614-99B1-6F1632C30A2C-2048x1371.jpeg 2048w\" sizes=\"(max-width: 1024px) 100vw, 1024px\" \/><figcaption>H\u00e1laad\u00e1s az Ag\u00f3ra k\u00f6z\u00f6ss\u00e9gi t\u00e9r\u00e9\u00e9rt<\/figcaption><\/figure>\n\n\n\n<p>K\u00e9pek megtekinteht\u0151k itt:<\/p>\n\n\n\n<p><a href=\"https:\/\/photos.app.goo.gl\/suj91accSK3xFadb7\">https:\/\/photos.app.goo.gl\/suj91accSK3xFadb7<\/a><\/p>\n\n\n\n<figure class=\"wp-block-embed\"><div class=\"wp-block-embed__wrapper\">\n<div class=\"fb-post\" data-href=\"https:\/\/www.facebook.com\/komaromevangelikus\/posts\/pfbid0jaqZ2Gpp9wbpa4apsD39EghME1oTiNez3MbcvZL9kpeH5q5Q6aN5vgjKzG3Ub8dpl\" data-width=\"552\" style=\"background-color: #fff; display: inline-block;\"><\/div>\n<\/div><\/figure>\n\n\n\n<p><\/p>\n\n\n\n<figure class=\"wp-block-embed is-provider-youtube wp-block-embed-youtube\"><div class=\"wp-block-embed__wrapper\">\n<iframe title=\"Elk\u00e9sz\u00fclt az Ag\u00f3ra K\u00f6z\u00f6ss\u00e9gi t\u00e9r - Istentisztelettel adott h\u00e1l\u00e1t a kom\u00e1romi evang\u00e9likus gy\u00fclekezet\" width=\"1200\" height=\"675\" src=\"https:\/\/www.youtube.com\/embed\/WEhVZotRz0c?feature=oembed\" frameborder=\"0\" allow=\"accelerometer; autoplay; clipboard-write; encrypted-media; gyroscope; picture-in-picture; web-share\" referrerpolicy=\"strict-origin-when-cross-origin\" allowfullscreen><\/iframe>\n<\/div><\/figure>\n\n\n\n<figure class=\"wp-block-embed is-provider-youtube wp-block-embed-youtube\"><div class=\"wp-block-embed__wrapper\">\nhttps:\/\/youtu.be\/lBqKjpJVflU\n<\/div><\/figure>\n","protected":false},"excerpt":{"rendered":"<p>H\u00e1laad\u00f3 Istentisztelet \u00e9s nap az Ag\u00f3ra k\u00f6z\u00f6ss\u00e9gi t\u00e9r felavat\u00e1s\u00e1\u00e9rt \u00dcnnepi alkalommal adott h\u00e1l\u00e1t gy\u00fclekezet\u00fcnk az elk\u00e9sz\u00fclt Ag\u00f3ra K\u00f6z\u00f6ss\u00e9gi t\u00e9r\u00e9rt november 6-\u00e1n. Az elk\u00e9sz\u00fclt, \u00faj, alkalmaknak helyet ad\u00f3 t\u00e9r, els\u0151sorban k\u00e9t [&hellip;]<\/p>\n","protected":false},"author":52,"featured_media":0,"comment_status":"closed","ping_status":"closed","sticky":false,"template":"","format":"standard","meta":{"_monsterinsights_skip_tracking":false,"_monsterinsights_sitenote_active":false,"_monsterinsights_sitenote_note":"","_monsterinsights_sitenote_category":0,"_themeisle_gutenberg_block_has_review":false,"footnotes":""},"categories":[1],"tags":[],"class_list":["post-1086","post","type-post","status-publish","format-standard","hentry","category-egyeb"],"jetpack_featured_media_url":"","_links":{"self":[{"href":"https:\/\/komarom.egyhazkozseg.hu\/index.php?rest_route=\/wp\/v2\/posts\/1086","targetHints":{"allow":["GET"]}}],"collection":[{"href":"https:\/\/komarom.egyhazkozseg.hu\/index.php?rest_route=\/wp\/v2\/posts"}],"about":[{"href":"https:\/\/komarom.egyhazkozseg.hu\/index.php?rest_route=\/wp\/v2\/types\/post"}],"author":[{"embeddable":true,"href":"https:\/\/komarom.egyhazkozseg.hu\/index.php?rest_route=\/wp\/v2\/users\/52"}],"replies":[{"embeddable":true,"href":"https:\/\/komarom.egyhazkozseg.hu\/index.php?rest_route=%2Fwp%2Fv2%2Fcomments&post=1086"}],"version-history":[{"count":3,"href":"https:\/\/komarom.egyhazkozseg.hu\/index.php?rest_route=\/wp\/v2\/posts\/1086\/revisions"}],"predecessor-version":[{"id":1096,"href":"https:\/\/komarom.egyhazkozseg.hu\/index.php?rest_route=\/wp\/v2\/posts\/1086\/revisions\/1096"}],"wp:attachment":[{"href":"https:\/\/komarom.egyhazkozseg.hu\/index.php?rest_route=%2Fwp%2Fv2%2Fmedia&parent=1086"}],"wp:term":[{"taxonomy":"category","embeddable":true,"href":"https:\/\/komarom.egyhazkozseg.hu\/index.php?rest_route=%2Fwp%2Fv2%2Fcategories&post=1086"},{"taxonomy":"post_tag","embeddable":true,"href":"https:\/\/komarom.egyhazkozseg.hu\/index.php?rest_route=%2Fwp%2Fv2%2Ftags&post=1086"}],"curies":[{"name":"wp","href":"https:\/\/api.w.org\/{rel}","templated":true}]}}