{"id":116,"date":"2020-10-25T15:10:21","date_gmt":"2020-10-25T15:10:21","guid":{"rendered":"http:\/\/komarom.egyhazkozseg.hu\/?p=116"},"modified":"2020-10-25T15:42:34","modified_gmt":"2020-10-25T15:42:34","slug":"teologus-hallgatok-szolgalata-gyulekezetunkben","status":"publish","type":"post","link":"https:\/\/komarom.egyhazkozseg.hu\/?p=116","title":{"rendered":"Teol\u00f3gus hallgat\u00f3k szolg\u00e1lata gy\u00fclekezet\u00fcnkben"},"content":{"rendered":"<p style=\"text-align: justify;\"><b>2020 szeptember\u00e9t\u0151l Nagy G\u00e1bor lelk\u00e9sz \u00far teljes\u00edt helyettes\u00edt\u0151 szolg\u00e1latot gy\u00fclekezet\u00fcnkben. Mivel f\u0151\u00e1ll\u00e1sban a s\u00fari gy\u00fclekezetben szolg\u00e1l, ez\u00e9rt a t\u00e1vols\u00e1g miatt csak havi k\u00e9t alkalommal tud Kom\u00e1romban istentiszteletet tartani. A m\u00e1sik k\u00e9t fennmarad\u00f3 vas\u00e1rnapon teol\u00f3gus hallgat\u00f3k szolg\u00e1lnak gy\u00fclekezet\u00fcnkben, Gregersen-Labossa M\u00e1ty\u00e1s Budapestr\u0151l j\u00e1r le szolg\u00e1lni Kom\u00e1romba, Angyal-Cseke Csaba pedig mint a gy\u00fclekezet\u00fcnk teol\u00f3gusa v\u00e9gzi havi egy alkalommal a helyettes\u00edt\u0151 szolg\u00e1latot. Franko M\u00e1ty\u00e1s a tatai evang\u00e9likus gy\u00fclekezet lelk\u00e9sze a v\u00e1llalt szolg\u00e1latr\u00f3l k\u00e9rdezte teol\u00f3gus hallgat\u00f3 testv\u00e9reinket, a Lutherr\u00f3zsa c\u00edm\u0171 \u00fajs\u00e1gban megjelent interj\u00fa al\u00e1bbi linken \u00e9rhet\u0151 el:<\/b><\/p>\n<p><a href=\"https:\/\/tata.lutheran.hu\/ujsagok\/2020\/lr_2020_szeptember.pdf\">https:\/\/tata.lutheran.hu\/ujsagok\/2020\/lr_2020_szeptember.pdf<\/a><\/p>\n<p style=\"text-align: justify;\"><b><img fetchpriority=\"high\" decoding=\"async\" class=\"aligncenter wp-image-117 size-full\" src=\"http:\/\/komarom.egyhazkozseg.hu\/wp-content\/uploads\/sites\/55\/2020\/10\/IMG_8972-scaled.jpg\" alt=\"\" width=\"1920\" height=\"2560\" srcset=\"https:\/\/komarom.egyhazkozseg.hu\/wp-content\/uploads\/sites\/55\/2020\/10\/IMG_8972-scaled.jpg 1920w, https:\/\/komarom.egyhazkozseg.hu\/wp-content\/uploads\/sites\/55\/2020\/10\/IMG_8972-225x300.jpg 225w, https:\/\/komarom.egyhazkozseg.hu\/wp-content\/uploads\/sites\/55\/2020\/10\/IMG_8972-768x1024.jpg 768w, https:\/\/komarom.egyhazkozseg.hu\/wp-content\/uploads\/sites\/55\/2020\/10\/IMG_8972-1152x1536.jpg 1152w, https:\/\/komarom.egyhazkozseg.hu\/wp-content\/uploads\/sites\/55\/2020\/10\/IMG_8972-1536x2048.jpg 1536w, https:\/\/komarom.egyhazkozseg.hu\/wp-content\/uploads\/sites\/55\/2020\/10\/IMG_8972-900x1200.jpg 900w, https:\/\/komarom.egyhazkozseg.hu\/wp-content\/uploads\/sites\/55\/2020\/10\/IMG_8972-1280x1707.jpg 1280w\" sizes=\"(max-width: 1920px) 100vw, 1920px\" \/>\u00a0<\/b><\/p>\n","protected":false},"excerpt":{"rendered":"<p>2020 szeptember\u00e9t\u0151l Nagy G\u00e1bor lelk\u00e9sz \u00far teljes\u00edt helyettes\u00edt\u0151 szolg\u00e1latot gy\u00fclekezet\u00fcnkben. Mivel f\u0151\u00e1ll\u00e1sban a s\u00fari gy\u00fclekezetben szolg\u00e1l, ez\u00e9rt a t\u00e1vols\u00e1g miatt csak havi k\u00e9t alkalommal tud Kom\u00e1romban istentiszteletet tartani. A m\u00e1sik [&hellip;]<\/p>\n","protected":false},"author":52,"featured_media":0,"comment_status":"open","ping_status":"open","sticky":false,"template":"","format":"standard","meta":{"_monsterinsights_skip_tracking":false,"_monsterinsights_sitenote_active":false,"_monsterinsights_sitenote_note":"","_monsterinsights_sitenote_category":0,"_themeisle_gutenberg_block_has_review":false,"footnotes":""},"categories":[1],"tags":[],"class_list":["post-116","post","type-post","status-publish","format-standard","hentry","category-egyeb"],"jetpack_featured_media_url":"","_links":{"self":[{"href":"https:\/\/komarom.egyhazkozseg.hu\/index.php?rest_route=\/wp\/v2\/posts\/116","targetHints":{"allow":["GET"]}}],"collection":[{"href":"https:\/\/komarom.egyhazkozseg.hu\/index.php?rest_route=\/wp\/v2\/posts"}],"about":[{"href":"https:\/\/komarom.egyhazkozseg.hu\/index.php?rest_route=\/wp\/v2\/types\/post"}],"author":[{"embeddable":true,"href":"https:\/\/komarom.egyhazkozseg.hu\/index.php?rest_route=\/wp\/v2\/users\/52"}],"replies":[{"embeddable":true,"href":"https:\/\/komarom.egyhazkozseg.hu\/index.php?rest_route=%2Fwp%2Fv2%2Fcomments&post=116"}],"version-history":[{"count":1,"href":"https:\/\/komarom.egyhazkozseg.hu\/index.php?rest_route=\/wp\/v2\/posts\/116\/revisions"}],"predecessor-version":[{"id":118,"href":"https:\/\/komarom.egyhazkozseg.hu\/index.php?rest_route=\/wp\/v2\/posts\/116\/revisions\/118"}],"wp:attachment":[{"href":"https:\/\/komarom.egyhazkozseg.hu\/index.php?rest_route=%2Fwp%2Fv2%2Fmedia&parent=116"}],"wp:term":[{"taxonomy":"category","embeddable":true,"href":"https:\/\/komarom.egyhazkozseg.hu\/index.php?rest_route=%2Fwp%2Fv2%2Fcategories&post=116"},{"taxonomy":"post_tag","embeddable":true,"href":"https:\/\/komarom.egyhazkozseg.hu\/index.php?rest_route=%2Fwp%2Fv2%2Ftags&post=116"}],"curies":[{"name":"wp","href":"https:\/\/api.w.org\/{rel}","templated":true}]}}