{"id":119,"date":"2020-10-25T15:16:03","date_gmt":"2020-10-25T15:16:03","guid":{"rendered":"http:\/\/komarom.egyhazkozseg.hu\/?p=119"},"modified":"2020-12-01T13:23:16","modified_gmt":"2020-12-01T13:23:16","slug":"hova-tart-a-vilag-igehirdetes-2020-szeptember-20-an-mt-2415-35","status":"publish","type":"post","link":"https:\/\/komarom.egyhazkozseg.hu\/?p=119","title":{"rendered":"Hova tart a vil\u00e1g? &#8211; Igehirdet\u00e9s 2020. szeptember 20-\u00e1n (Mt 24,15-35)"},"content":{"rendered":"<p style=\"text-align: justify;\"><em>&#8222;Amikor teh\u00e1t megl\u00e1tj\u00e1tok, hogy \u201ea puszt\u00edt\u00f3 ut\u00e1latoss\u00e1g\u201d ott \u00e1ll a szent helyen \u2013 err\u0151l besz\u00e9lt D\u00e1niel pr\u00f3f\u00e9ta, aki olvassa, \u00e9rtse meg! \u2013, akkor azok, akik J\u00fade\u00e1ban lesznek, menek\u00fcljenek a hegyekbe, aki a h\u00e1z tetej\u00e9n lesz, ne sz\u00e1lljon le, hogy kihozzon valamit, \u00e9s aki a mez\u0151n lesz, ne t\u00e9rjen vissza, hogy elhozza fels\u0151ruh\u00e1j\u00e1t. Jaj a terhes \u00e9s a szoptat\u00f3 any\u00e1knak azokban a napokban! Im\u00e1dkozzatok, hogy ne kelljen sem t\u00e9len, sem szombaton menek\u00fcln\u00f6t\u00f6k. Mert olyan nagy nyomor\u00fas\u00e1g lesz akkor, amilyen nem volt a vil\u00e1g kezdete \u00f3ta mostan\u00e1ig, \u00e9s nem is lesz soha. Ha nem r\u00f6vid\u00edttetn\u00e9nek meg azok a napok, nem menek\u00fclne meg egyetlen haland\u00f3 sem, de a v\u00e1lasztottak\u00e9rt megr\u00f6vid\u00edttetnek azok a napok.<\/em><\/p>\n<p style=\"text-align: justify;\"><em>Akkor, ha valaki ezt mondja nektek: \u00cdme, itt a Krisztus vagy amott \u2013 ne higgy\u00e9tek el!\u00a0Mert hamis krisztusok \u00e9s hamis pr\u00f3f\u00e9t\u00e1k t\u00e1madnak majd, nagy jeleket \u00e9s csod\u00e1kat tesznek, hogy \u00edgy megt\u00e9vessz\u00e9k, ha lehet, a v\u00e1lasztottakat is.\u00a0\u00cdme, el\u0151re megmondtam nektek.\u00a0Ha teh\u00e1t azt mondj\u00e1k nektek: \u00cdme, a puszt\u00e1ban van \u2013 ne menjetek ki! \u00cdme, a bels\u0151 szob\u00e1kban van \u2013 ne higgy\u00e9tek el!\u00a0Mert ahogyan a vill\u00e1ml\u00e1s keletr\u0151l t\u00e1mad, \u00e9s ell\u00e1tszik nyugatig, \u00fagy lesz az Emberfi\u00e1nak az elj\u00f6vetele is.\u00a0Ahol a tetem, oda gy\u0171lnek a saskesely\u0171k.<\/em><br \/>\n<em>K\u00f6zvetlen\u00fcl ama napok nyomor\u00fas\u00e1ga ut\u00e1n pedig a nap els\u00f6t\u00e9tedik, a hold nem f\u00e9nylik, a csillagok lehullanak az \u00e9gr\u0151l, \u00e9s az egek tart\u00f3oszlopai megrend\u00fclnek. \u00c9s akkor felt\u0171nik az Emberfi\u00e1nak jele az \u00e9gen, akkor jajgat a f\u00f6ld minden nemzets\u00e9ge, \u00e9s megl\u00e1tj\u00e1k az Emberfi\u00e1t elj\u00f6nni az \u00e9g felh\u0151in nagy hatalommal \u00e9s dics\u0151s\u00e9ggel. \u00c9s \u0151 elk\u00fcldi angyalait nagy harsonasz\u00f3val, \u00e9s \u00f6sszegy\u0171jtik az \u0151 v\u00e1lasztottait a n\u00e9gy \u00e9gt\u00e1j fel\u0151l, az \u00e9g egyik sark\u00e1t\u00f3l a m\u00e1sik sark\u00e1ig. Tanuljatok a f\u00fcgefa p\u00e9ld\u00e1j\u00e1b\u00f3l: amikor m\u00e1r zsend\u00fcl az \u00e1ga, \u00e9s levelet hajt, tudj\u00e1tok, hogy k\u00f6zel van a ny\u00e1r. \u00cdgy ti is, amikor l\u00e1tj\u00e1tok mindezt, tudj\u00e1tok, hogy k\u00f6zel van \u0151, az ajt\u00f3 el\u0151tt! Bizony mondom nektek, hogy nem m\u00falik el ez a nemzed\u00e9k addig, am\u00edg mindez meg nem t\u00f6rt\u00e9nik. Az \u00e9g \u00e9s a f\u00f6ld elm\u00falik, de az \u00e9n besz\u00e9deim nem m\u00falnak el.&#8221;\u00a0<\/em>(Mt 24,15-35)<\/p>\n<p><iframe title=\"2020.09.20. Igehirdet\u00e9s M\u00e1t\u00e9 24,15-35\" width=\"1200\" height=\"675\" src=\"https:\/\/www.youtube.com\/embed\/V6NUTjnK710?feature=oembed\" frameborder=\"0\" allow=\"accelerometer; autoplay; clipboard-write; encrypted-media; gyroscope; picture-in-picture; web-share\" referrerpolicy=\"strict-origin-when-cross-origin\" allowfullscreen><\/iframe><\/p>\n<p>A gy\u00fclekezet\u00fcnkben elhangz\u00f3 igehirdet\u00e9sek hangfelv\u00e9tel\u00e9t YouTube csatorn\u00e1nkon osztjuk meg, biztatunk mindenkit, hogy iratkozzon fel, \u00e9s k\u00f6vesse az felt\u00f6lt\u00f6tt igei tartalmakat.<\/p>\n","protected":false},"excerpt":{"rendered":"<p>&#8222;Amikor teh\u00e1t megl\u00e1tj\u00e1tok, hogy \u201ea puszt\u00edt\u00f3 ut\u00e1latoss\u00e1g\u201d ott \u00e1ll a szent helyen \u2013 err\u0151l besz\u00e9lt D\u00e1niel pr\u00f3f\u00e9ta, aki olvassa, \u00e9rtse meg! \u2013, akkor azok, akik J\u00fade\u00e1ban lesznek, menek\u00fcljenek a hegyekbe, [&hellip;]<\/p>\n","protected":false},"author":52,"featured_media":0,"comment_status":"open","ping_status":"open","sticky":false,"template":"","format":"standard","meta":{"_monsterinsights_skip_tracking":false,"_monsterinsights_sitenote_active":false,"_monsterinsights_sitenote_note":"","_monsterinsights_sitenote_category":0,"_themeisle_gutenberg_block_has_review":false,"footnotes":""},"categories":[1],"tags":[],"class_list":["post-119","post","type-post","status-publish","format-standard","hentry","category-egyeb"],"jetpack_featured_media_url":"","_links":{"self":[{"href":"https:\/\/komarom.egyhazkozseg.hu\/index.php?rest_route=\/wp\/v2\/posts\/119","targetHints":{"allow":["GET"]}}],"collection":[{"href":"https:\/\/komarom.egyhazkozseg.hu\/index.php?rest_route=\/wp\/v2\/posts"}],"about":[{"href":"https:\/\/komarom.egyhazkozseg.hu\/index.php?rest_route=\/wp\/v2\/types\/post"}],"author":[{"embeddable":true,"href":"https:\/\/komarom.egyhazkozseg.hu\/index.php?rest_route=\/wp\/v2\/users\/52"}],"replies":[{"embeddable":true,"href":"https:\/\/komarom.egyhazkozseg.hu\/index.php?rest_route=%2Fwp%2Fv2%2Fcomments&post=119"}],"version-history":[{"count":9,"href":"https:\/\/komarom.egyhazkozseg.hu\/index.php?rest_route=\/wp\/v2\/posts\/119\/revisions"}],"predecessor-version":[{"id":128,"href":"https:\/\/komarom.egyhazkozseg.hu\/index.php?rest_route=\/wp\/v2\/posts\/119\/revisions\/128"}],"wp:attachment":[{"href":"https:\/\/komarom.egyhazkozseg.hu\/index.php?rest_route=%2Fwp%2Fv2%2Fmedia&parent=119"}],"wp:term":[{"taxonomy":"category","embeddable":true,"href":"https:\/\/komarom.egyhazkozseg.hu\/index.php?rest_route=%2Fwp%2Fv2%2Fcategories&post=119"},{"taxonomy":"post_tag","embeddable":true,"href":"https:\/\/komarom.egyhazkozseg.hu\/index.php?rest_route=%2Fwp%2Fv2%2Ftags&post=119"}],"curies":[{"name":"wp","href":"https:\/\/api.w.org\/{rel}","templated":true}]}}