{"id":148,"date":"2020-11-04T22:17:11","date_gmt":"2020-11-04T22:17:11","guid":{"rendered":"http:\/\/komarom.egyhazkozseg.hu\/?p=148"},"modified":"2020-11-04T22:33:12","modified_gmt":"2020-11-04T22:33:12","slug":"a-reformacio-unnepe-gyulekezetunkben","status":"publish","type":"post","link":"https:\/\/komarom.egyhazkozseg.hu\/?p=148","title":{"rendered":"A Reform\u00e1ci\u00f3 \u00fcnnepe gy\u00fclekezet\u00fcnkben"},"content":{"rendered":"<p style=\"text-align: justify;\"><b>2020. okt\u00f3ber 31-\u00e9n, Reform\u00e1ci\u00f3 \u00fcnnep\u00e9n gy\u00fclekezet\u00fcnkben kett\u0151s \u00fcnnepen lehett\u00fcnk egy\u00fctt. Egyfel\u0151l h\u00e1l\u00e1t adhattunk az\u00e9rt, hogy Isten a reform\u00e1ci\u00f3 Szentl\u00e9lek \u00e9bresztette t\u00fcz\u00e9ben \u00fajra felsz\u00ednre hozta a f\u00f6ld\u00f6n k\u00fczd\u0151 egyh\u00e1z egyed\u00fcli kincs\u00e9t, az \u0151si, tiszta \u00e9s apostoli evang\u00e9liumot. M\u00e1sfel\u0151l pedig \u00f6r\u00fclhett\u00fcnk annak, hogy az idei esztend\u0151ben gy\u00fclekezet\u00fcnkben helyettes\u00edt\u0151 mindh\u00e1rom szolg\u00e1lattev\u0151 jelen volt \u00e9s szolg\u00e1lt ezen az \u00fcnnepen: Nagy G\u00e1bor lelk\u00e9sz \u00far Isten Ig\u00e9j\u00e9t hirdette k\u00f6z\u00f6tt\u00fcnk Jer 23,23-30 alapj\u00e1n, \u00e9s kiszolg\u00e1ltatta az \u00darvacsora szents\u00e9g\u00e9t, Gregersen-Labossa M\u00e1ty\u00e1s \u00e9s Angyal-Cseke Csaba teol\u00f3gus hallgat\u00f3 testv\u00e9reink pedig a liturgi\u00e1t vezett\u00e9k. Az istentiszteleten a Luther\u00e1nus vil\u00e1gsz\u00f6vets\u00e9g aj\u00e1nl\u00e1sa szerint, az \u00f6kumenikus k\u00f6z\u00f6ss\u00e9g tagjak\u00e9nt a koronav\u00edrus terjed\u00e9se idej\u00e9n gy\u00f3gyul\u00e1s\u00e9rt, a vil\u00e1g\u00e9rt, az egyh\u00e1z\u00e9rt \u00e9s a sz\u00fcks\u00e9get szenved\u0151k\u00e9rt\u00a0 im\u00e1dkoztunk. Az \u00fcnnepi alkalmon gy\u00fclekezet\u00fcnk \u00e9nekkara is szolg\u00e1lt. <\/b><strong>Reform\u00e1ci\u00f3i istentisztelet\u00fcnkr\u0151l videofelv\u00e9tel is k\u00e9sz\u00fclt, amely al\u00e1bb megtekinthet\u0151.<\/strong><\/p>\n<pre>Ez\u00faton biztatunk \u00e9s k\u00e9r\u00fcnk mindenkit, hogy iratkozzon fel gy\u00fclekezet\u00fcnk YouTube csatorn\u00e1j\u00e1ra, \u00e9s k\u00f6vesse az oda felt\u00f6lt\u00f6tt igei tartalmakat.<\/pre>\n<p><iframe title=\"2020.10.31. Reform\u00e1ci\u00f3i Istentisztelet Igehirdet\u00e9s Jeremi\u00e1s 23,23-30 alapj\u00e1n\" width=\"1200\" height=\"675\" src=\"https:\/\/www.youtube.com\/embed\/UH5thKDEhP4?feature=oembed\" frameborder=\"0\" allow=\"accelerometer; autoplay; clipboard-write; encrypted-media; gyroscope; picture-in-picture; web-share\" referrerpolicy=\"strict-origin-when-cross-origin\" allowfullscreen><\/iframe><\/p>\n","protected":false},"excerpt":{"rendered":"<p>2020. okt\u00f3ber 31-\u00e9n, Reform\u00e1ci\u00f3 \u00fcnnep\u00e9n gy\u00fclekezet\u00fcnkben kett\u0151s \u00fcnnepen lehett\u00fcnk egy\u00fctt. Egyfel\u0151l h\u00e1l\u00e1t adhattunk az\u00e9rt, hogy Isten a reform\u00e1ci\u00f3 Szentl\u00e9lek \u00e9bresztette t\u00fcz\u00e9ben \u00fajra felsz\u00ednre hozta a f\u00f6ld\u00f6n k\u00fczd\u0151 egyh\u00e1z egyed\u00fcli kincs\u00e9t, [&hellip;]<\/p>\n","protected":false},"author":52,"featured_media":0,"comment_status":"open","ping_status":"open","sticky":false,"template":"","format":"standard","meta":{"_monsterinsights_skip_tracking":false,"_monsterinsights_sitenote_active":false,"_monsterinsights_sitenote_note":"","_monsterinsights_sitenote_category":0,"_themeisle_gutenberg_block_has_review":false,"footnotes":""},"categories":[1],"tags":[],"class_list":["post-148","post","type-post","status-publish","format-standard","hentry","category-egyeb"],"jetpack_featured_media_url":"","_links":{"self":[{"href":"https:\/\/komarom.egyhazkozseg.hu\/index.php?rest_route=\/wp\/v2\/posts\/148","targetHints":{"allow":["GET"]}}],"collection":[{"href":"https:\/\/komarom.egyhazkozseg.hu\/index.php?rest_route=\/wp\/v2\/posts"}],"about":[{"href":"https:\/\/komarom.egyhazkozseg.hu\/index.php?rest_route=\/wp\/v2\/types\/post"}],"author":[{"embeddable":true,"href":"https:\/\/komarom.egyhazkozseg.hu\/index.php?rest_route=\/wp\/v2\/users\/52"}],"replies":[{"embeddable":true,"href":"https:\/\/komarom.egyhazkozseg.hu\/index.php?rest_route=%2Fwp%2Fv2%2Fcomments&post=148"}],"version-history":[{"count":3,"href":"https:\/\/komarom.egyhazkozseg.hu\/index.php?rest_route=\/wp\/v2\/posts\/148\/revisions"}],"predecessor-version":[{"id":157,"href":"https:\/\/komarom.egyhazkozseg.hu\/index.php?rest_route=\/wp\/v2\/posts\/148\/revisions\/157"}],"wp:attachment":[{"href":"https:\/\/komarom.egyhazkozseg.hu\/index.php?rest_route=%2Fwp%2Fv2%2Fmedia&parent=148"}],"wp:term":[{"taxonomy":"category","embeddable":true,"href":"https:\/\/komarom.egyhazkozseg.hu\/index.php?rest_route=%2Fwp%2Fv2%2Fcategories&post=148"},{"taxonomy":"post_tag","embeddable":true,"href":"https:\/\/komarom.egyhazkozseg.hu\/index.php?rest_route=%2Fwp%2Fv2%2Ftags&post=148"}],"curies":[{"name":"wp","href":"https:\/\/api.w.org\/{rel}","templated":true}]}}