{"id":154,"date":"2020-11-04T22:29:19","date_gmt":"2020-11-04T22:29:19","guid":{"rendered":"http:\/\/komarom.egyhazkozseg.hu\/?p=154"},"modified":"2020-11-04T22:32:39","modified_gmt":"2020-11-04T22:32:39","slug":"mit-tudunk-az-utolso-iteletrol-istentisztelet-2020-november-1-en","status":"publish","type":"post","link":"https:\/\/komarom.egyhazkozseg.hu\/?p=154","title":{"rendered":"Mit tudunk az utols\u00f3 \u00edt\u00e9letr\u0151l? &#8211; Istentisztelet 2020. november 1-\u00e9n"},"content":{"rendered":"<p style=\"text-align: justify;\"><em>&#8222;Amikor pedig az Emberfia elj\u00f6n az \u0151 dics\u0151s\u00e9g\u00e9ben, \u00e9s vele az angyalok mind, akkor oda\u00fcl dics\u0151s\u00e9ge tr\u00f3nj\u00e1ra. \u00d6sszegy\u0171jtenek el\u00e9 minden n\u00e9pet, \u0151 pedig elv\u00e1lasztja \u0151ket egym\u00e1st\u00f3l, ahogyan a p\u00e1sztor elv\u00e1lasztja a juhokat a kecsk\u00e9kt\u0151l. A juhokat jobb keze fel\u0151l, a kecsk\u00e9ket pedig bal keze fel\u0151l \u00e1ll\u00edtja.<\/em><\/p>\n<p style=\"text-align: justify;\"><em>Akkor \u00edgy sz\u00f3l a kir\u00e1ly a jobb keze fel\u0151l \u00e1ll\u00f3khoz: J\u00f6jjetek, Aty\u00e1m \u00e1ldottai, \u00f6r\u00f6k\u00f6lj\u00e9tek az orsz\u00e1got, amely k\u00e9szen \u00e1ll sz\u00e1motokra a vil\u00e1g kezdete \u00f3ta. Mert \u00e9heztem, \u00e9s ennem adtatok, szomjaztam, \u00e9s innom adtatok, j\u00f6vev\u00e9ny voltam, \u00e9s befogadtatok, mez\u00edtelen voltam, \u00e9s felruh\u00e1ztatok, beteg voltam, \u00e9s megl\u00e1togattatok, b\u00f6rt\u00f6nben voltam, \u00e9s elj\u00f6ttetek hozz\u00e1m. Akkor \u00edgy v\u00e1laszolnak neki az igazak: Uram, mikor l\u00e1ttunk t\u00e9ged \u00e9hezni, hogy enned adtunk volna, vagy szomjazni, hogy innod adtunk volna? Mikor l\u00e1ttunk j\u00f6vev\u00e9nynek, hogy befogadtunk volna, vagy mez\u00edtelennek, hogy felruh\u00e1ztunk volna? Mikor l\u00e1ttunk betegen vagy b\u00f6rt\u00f6nben, hogy elment\u00fcnk volna hozz\u00e1d? A kir\u00e1ly \u00edgy felel majd nekik: Bizony mondom nektek, valah\u00e1nyszor megtett\u00e9tek ezeket ak\u00e1r csak eggyel is az \u00e9n legkisebb testv\u00e9reim k\u00f6z\u00fcl, velem tett\u00e9tek meg.<\/em><\/p>\n<p style=\"text-align: justify;\"><em>Akkor sz\u00f3l a bal keze fel\u0151l \u00e1ll\u00f3khoz is: Menjetek el\u0151lem, \u00e1tkozottak, az \u00f6rd\u00f6gnek \u00e9s angyalainak elk\u00e9sz\u00edtett \u00f6r\u00f6k t\u0171zre! Mert \u00e9heztem, \u00e9s nem adtatok ennem, szomjaztam, \u00e9s nem adtatok innom, j\u00f6vev\u00e9ny voltam, \u00e9s nem fogadtatok be, mez\u00edtelen voltam, \u00e9s nem ruh\u00e1ztatok fel, beteg voltam, b\u00f6rt\u00f6nben voltam, \u00e9s nem l\u00e1togattatok meg. Akkor ezek is \u00edgy v\u00e1laszolnak neki: Uram, mikor l\u00e1ttunk t\u00e9ged \u00e9hezni vagy szomjazni, j\u00f6vev\u00e9nynek vagy mez\u00edtelennek, betegen vagy b\u00f6rt\u00f6nben, amikor nem szolg\u00e1ltunk neked? Akkor \u00edgy felel nekik: Bizony mondom nektek, valah\u00e1nyszor nem tett\u00e9tek meg ezeket eggyel a legkisebbek k\u00f6z\u00fcl, velem nem tett\u00e9tek meg. \u00c9s ezek elmennek az \u00f6r\u00f6k b\u00fcntet\u00e9sre, az igazak pedig az \u00f6r\u00f6k \u00e9letre.&#8221; (Mt 25,31-46)<\/em><\/p>\n<pre>Ez\u00faton biztatunk \u00e9s k\u00e9r\u00fcnk mindenkit, hogy iratkozzon fel gy\u00fclekezet\u00fcnk YouTube csatorn\u00e1j\u00e1ra, \u00e9s k\u00f6vesse az oda felt\u00f6lt\u00f6tt igei tartalmakat.<\/pre>\n<p><iframe title=\"2020.11.01. Istentisztelet - Igehirdet\u00e9s: M\u00e1t\u00e9 25,31-46 alapj\u00e1n\" width=\"1200\" height=\"675\" src=\"https:\/\/www.youtube.com\/embed\/TgC7N94dWlg?feature=oembed\" frameborder=\"0\" allow=\"accelerometer; autoplay; clipboard-write; encrypted-media; gyroscope; picture-in-picture; web-share\" referrerpolicy=\"strict-origin-when-cross-origin\" allowfullscreen><\/iframe><\/p>\n","protected":false},"excerpt":{"rendered":"<p>&#8222;Amikor pedig az Emberfia elj\u00f6n az \u0151 dics\u0151s\u00e9g\u00e9ben, \u00e9s vele az angyalok mind, akkor oda\u00fcl dics\u0151s\u00e9ge tr\u00f3nj\u00e1ra. \u00d6sszegy\u0171jtenek el\u00e9 minden n\u00e9pet, \u0151 pedig elv\u00e1lasztja \u0151ket egym\u00e1st\u00f3l, ahogyan a p\u00e1sztor elv\u00e1lasztja [&hellip;]<\/p>\n","protected":false},"author":52,"featured_media":0,"comment_status":"open","ping_status":"open","sticky":false,"template":"","format":"standard","meta":{"_monsterinsights_skip_tracking":false,"_monsterinsights_sitenote_active":false,"_monsterinsights_sitenote_note":"","_monsterinsights_sitenote_category":0,"_themeisle_gutenberg_block_has_review":false,"footnotes":""},"categories":[1],"tags":[],"class_list":["post-154","post","type-post","status-publish","format-standard","hentry","category-egyeb"],"jetpack_featured_media_url":"","_links":{"self":[{"href":"https:\/\/komarom.egyhazkozseg.hu\/index.php?rest_route=\/wp\/v2\/posts\/154","targetHints":{"allow":["GET"]}}],"collection":[{"href":"https:\/\/komarom.egyhazkozseg.hu\/index.php?rest_route=\/wp\/v2\/posts"}],"about":[{"href":"https:\/\/komarom.egyhazkozseg.hu\/index.php?rest_route=\/wp\/v2\/types\/post"}],"author":[{"embeddable":true,"href":"https:\/\/komarom.egyhazkozseg.hu\/index.php?rest_route=\/wp\/v2\/users\/52"}],"replies":[{"embeddable":true,"href":"https:\/\/komarom.egyhazkozseg.hu\/index.php?rest_route=%2Fwp%2Fv2%2Fcomments&post=154"}],"version-history":[{"count":2,"href":"https:\/\/komarom.egyhazkozseg.hu\/index.php?rest_route=\/wp\/v2\/posts\/154\/revisions"}],"predecessor-version":[{"id":156,"href":"https:\/\/komarom.egyhazkozseg.hu\/index.php?rest_route=\/wp\/v2\/posts\/154\/revisions\/156"}],"wp:attachment":[{"href":"https:\/\/komarom.egyhazkozseg.hu\/index.php?rest_route=%2Fwp%2Fv2%2Fmedia&parent=154"}],"wp:term":[{"taxonomy":"category","embeddable":true,"href":"https:\/\/komarom.egyhazkozseg.hu\/index.php?rest_route=%2Fwp%2Fv2%2Fcategories&post=154"},{"taxonomy":"post_tag","embeddable":true,"href":"https:\/\/komarom.egyhazkozseg.hu\/index.php?rest_route=%2Fwp%2Fv2%2Ftags&post=154"}],"curies":[{"name":"wp","href":"https:\/\/api.w.org\/{rel}","templated":true}]}}