{"id":166,"date":"2020-12-01T13:18:33","date_gmt":"2020-12-01T13:18:33","guid":{"rendered":"http:\/\/komarom.egyhazkozseg.hu\/?p=166"},"modified":"2020-12-01T13:21:51","modified_gmt":"2020-12-01T13:21:51","slug":"negy-nezopont-jezusrol-istentisztelet-november-15-en-az-egyhazi-esztendo-utolso-elotti-remenyseg-vasarnapjan","status":"publish","type":"post","link":"https:\/\/komarom.egyhazkozseg.hu\/?p=166","title":{"rendered":"N\u00e9gy n\u00e9z\u0151pont J\u00e9zusr\u00f3l &#8211; Istentisztelet 2020. november 15-\u00e9n az egyh\u00e1zi esztend\u0151 utols\u00f3 el\u0151tti (Rem\u00e9nys\u00e9g) vas\u00e1rnapj\u00e1n"},"content":{"rendered":"<p style=\"text-align: justify;\"><em>&#8222;Amikor J\u00e9zus befejezte mindezeket a besz\u00e9deket, \u00edgy sz\u00f3lt tan\u00edtv\u00e1nyaihoz: Tudj\u00e1tok, hogy k\u00e9t nap m\u00falva lesz a p\u00e1ska \u00fcnnepe, \u00e9s az Emberfia \u00e1tadatik, hogy megfesz\u00edttess\u00e9k.<\/em><br \/>\n<em>Ekkor \u00f6sszegy\u0171ltek a f\u0151papok \u00e9s a n\u00e9p v\u00e9nei Kajaf\u00e1s f\u0151pap palot\u00e1j\u00e1ban, \u00e9s elhat\u00e1rozt\u00e1k, hogy J\u00e9zust csellel elfogj\u00e1k, \u00e9s meg\u00f6lik. De ezt mondt\u00e1k: Ne az \u00fcnnepen, nehogy zavarg\u00e1s legyen a n\u00e9p k\u00f6z\u00f6tt.<\/em><\/p>\n<p style=\"text-align: justify;\"><em>Amikor pedig J\u00e9zus Bet\u00e1ni\u00e1ban, a lepr\u00e1s Simon h\u00e1z\u00e1ban volt, odament hozz\u00e1 egy asszony, akin\u00e9l egy alab\u00e1stromtart\u00f3ban dr\u00e1ga olaj volt, \u00e9s r\u00e1\u00f6nt\u00f6tte az asztaln\u00e1l \u00fcl\u0151 J\u00e9zus fej\u00e9re. Amikor l\u00e1tt\u00e1k ezt a tan\u00edtv\u00e1nyai, bosszankodtak, \u00e9s ezt mondt\u00e1k: Mire val\u00f3 ez a pazarl\u00e1s? Hiszen el lehetett volna ezt adni sok p\u00e9nz\u00e9rt, \u00e9s odaadni a szeg\u00e9nyeknek. Amikor ezt J\u00e9zus \u00e9szrevette, megk\u00e9rdezte t\u0151l\u00fck: Mi\u00e9rt b\u00e1ntj\u00e1tok ezt az asszonyt? Hiszen j\u00f3t tett velem, mert a szeg\u00e9nyek mindig veletek lesznek, de \u00e9n nem leszek mindig veletek. Mert amikor ezt az olajat a testemre \u00f6nt\u00f6tte, a temet\u00e9semre k\u00e9sz\u00edtett el\u0151. Bizony mondom nektek, hogy b\u00e1rhol hirdetik majd az evang\u00e9liumot az eg\u00e9sz vil\u00e1gon, amit ez az asszony tett, azt is elmondj\u00e1k majd az \u0151 eml\u00e9kezet\u00e9re.&#8221; <\/em>(Mt 26,1-13)<\/p>\n<p><iframe title=\"2020.11.15. Istentisztelet felv\u00e9tele - Igehirdet\u00e9s M\u00e1t\u00e9 26,1-13 alapj\u00e1n\" width=\"1200\" height=\"675\" src=\"https:\/\/www.youtube.com\/embed\/jr__uayzbHY?feature=oembed\" frameborder=\"0\" allow=\"accelerometer; autoplay; clipboard-write; encrypted-media; gyroscope; picture-in-picture; web-share\" referrerpolicy=\"strict-origin-when-cross-origin\" allowfullscreen><\/iframe><\/p>\n","protected":false},"excerpt":{"rendered":"<p>&#8222;Amikor J\u00e9zus befejezte mindezeket a besz\u00e9deket, \u00edgy sz\u00f3lt tan\u00edtv\u00e1nyaihoz: Tudj\u00e1tok, hogy k\u00e9t nap m\u00falva lesz a p\u00e1ska \u00fcnnepe, \u00e9s az Emberfia \u00e1tadatik, hogy megfesz\u00edttess\u00e9k. Ekkor \u00f6sszegy\u0171ltek a f\u0151papok \u00e9s a [&hellip;]<\/p>\n","protected":false},"author":52,"featured_media":0,"comment_status":"open","ping_status":"open","sticky":false,"template":"","format":"standard","meta":{"_monsterinsights_skip_tracking":false,"_monsterinsights_sitenote_active":false,"_monsterinsights_sitenote_note":"","_monsterinsights_sitenote_category":0,"_themeisle_gutenberg_block_has_review":false,"footnotes":""},"categories":[1],"tags":[],"class_list":["post-166","post","type-post","status-publish","format-standard","hentry","category-egyeb"],"jetpack_featured_media_url":"","_links":{"self":[{"href":"https:\/\/komarom.egyhazkozseg.hu\/index.php?rest_route=\/wp\/v2\/posts\/166","targetHints":{"allow":["GET"]}}],"collection":[{"href":"https:\/\/komarom.egyhazkozseg.hu\/index.php?rest_route=\/wp\/v2\/posts"}],"about":[{"href":"https:\/\/komarom.egyhazkozseg.hu\/index.php?rest_route=\/wp\/v2\/types\/post"}],"author":[{"embeddable":true,"href":"https:\/\/komarom.egyhazkozseg.hu\/index.php?rest_route=\/wp\/v2\/users\/52"}],"replies":[{"embeddable":true,"href":"https:\/\/komarom.egyhazkozseg.hu\/index.php?rest_route=%2Fwp%2Fv2%2Fcomments&post=166"}],"version-history":[{"count":2,"href":"https:\/\/komarom.egyhazkozseg.hu\/index.php?rest_route=\/wp\/v2\/posts\/166\/revisions"}],"predecessor-version":[{"id":170,"href":"https:\/\/komarom.egyhazkozseg.hu\/index.php?rest_route=\/wp\/v2\/posts\/166\/revisions\/170"}],"wp:attachment":[{"href":"https:\/\/komarom.egyhazkozseg.hu\/index.php?rest_route=%2Fwp%2Fv2%2Fmedia&parent=166"}],"wp:term":[{"taxonomy":"category","embeddable":true,"href":"https:\/\/komarom.egyhazkozseg.hu\/index.php?rest_route=%2Fwp%2Fv2%2Fcategories&post=166"},{"taxonomy":"post_tag","embeddable":true,"href":"https:\/\/komarom.egyhazkozseg.hu\/index.php?rest_route=%2Fwp%2Fv2%2Ftags&post=166"}],"curies":[{"name":"wp","href":"https:\/\/api.w.org\/{rel}","templated":true}]}}