{"id":1701,"date":"2025-04-15T12:11:55","date_gmt":"2025-04-15T10:11:55","guid":{"rendered":"https:\/\/komarom.egyhazkozseg.hu\/?p=1701"},"modified":"2025-04-15T12:11:55","modified_gmt":"2025-04-15T10:11:55","slug":"feltamadt-valoban-feltamadt-szeretettel-hivunk-es-varunk-mindenkit-gyulekezetunk-husveti-unnepi-alkalmaira","status":"publish","type":"post","link":"https:\/\/komarom.egyhazkozseg.hu\/?p=1701","title":{"rendered":"\u201eFelt\u00e1madt! Val\u00f3ban felt\u00e1madt!\u201d Szeretettel h\u00edvunk \u00e9s v\u00e1runk mindenkit gy\u00fclekezet\u00fcnk h\u00fasv\u00e9ti \u00fcnnepi alkalmaira!"},"content":{"rendered":"<p data-start=\"144\" data-end=\"268\"><img fetchpriority=\"high\" decoding=\"async\" class=\"alignnone size-large wp-image-1702\" src=\"http:\/\/komarom.egyhazkozseg.hu\/wp-content\/uploads\/sites\/55\/2025\/04\/husveti-unnepi-menetrend-724x1024.png\" alt=\"\" width=\"724\" height=\"1024\" srcset=\"https:\/\/komarom.egyhazkozseg.hu\/wp-content\/uploads\/sites\/55\/2025\/04\/husveti-unnepi-menetrend-724x1024.png 724w, https:\/\/komarom.egyhazkozseg.hu\/wp-content\/uploads\/sites\/55\/2025\/04\/husveti-unnepi-menetrend-212x300.png 212w, https:\/\/komarom.egyhazkozseg.hu\/wp-content\/uploads\/sites\/55\/2025\/04\/husveti-unnepi-menetrend-768x1086.png 768w, https:\/\/komarom.egyhazkozseg.hu\/wp-content\/uploads\/sites\/55\/2025\/04\/husveti-unnepi-menetrend-1086x1536.png 1086w, https:\/\/komarom.egyhazkozseg.hu\/wp-content\/uploads\/sites\/55\/2025\/04\/husveti-unnepi-menetrend-1448x2048.png 1448w, https:\/\/komarom.egyhazkozseg.hu\/wp-content\/uploads\/sites\/55\/2025\/04\/husveti-unnepi-menetrend.png 1587w\" sizes=\"(max-width: 724px) 100vw, 724px\" \/><\/p>\n<p class=\"\" data-start=\"144\" data-end=\"268\"><strong data-start=\"144\" data-end=\"179\">\u201eFelt\u00e1madt! Val\u00f3ban felt\u00e1madt!\u201d<\/strong><br data-start=\"179\" data-end=\"182\" \/>\ud83c\udf89 Szeretettel h\u00edvunk \u00e9s v\u00e1runk mindenkit gy\u00fclekezet\u00fcnk <strong data-start=\"238\" data-end=\"267\">h\u00fasv\u00e9ti \u00fcnnepi alkalmaira<\/strong>!<\/p>\n<p class=\"\" data-start=\"270\" data-end=\"464\">Az \u00fcnnep k\u00f6z\u00e9ppontj\u00e1ban J\u00e9zus Krisztus szenved\u00e9se, hal\u00e1la \u00e9s felt\u00e1mad\u00e1sa \u00e1ll \u2013 az \u00f6r\u00f6mh\u00edr, amely megv\u00e1ltoztat mindent. Csendesedj\u00fcnk el egy\u00fctt, \u00e9s \u00fcnnepelj\u00fck meg a felt\u00e1mad\u00e1s erej\u00e9t k\u00f6z\u00f6ss\u00e9gben!<\/p>\n<p class=\"\" data-start=\"466\" data-end=\"519\">\ud83d\udd4a <strong data-start=\"469\" data-end=\"489\">\u00dcnnepi menetrend<\/strong><br data-start=\"489\" data-end=\"492\" \/>\ud83d\udcc5 <strong data-start=\"495\" data-end=\"519\">2025.04.17. \u2013 04.20.<\/strong><\/p>\n<p class=\"\" data-start=\"521\" data-end=\"805\">\ud83d\udd39 <strong data-start=\"524\" data-end=\"557\">\u00c1prilis 17. (cs\u00fct\u00f6rt\u00f6k) 18:00<\/strong> \u2013 Nagycs\u00fct\u00f6rt\u00f6ki ima\u00f3ra<br data-start=\"581\" data-end=\"584\" \/>\ud83d\udd39 <strong data-start=\"587\" data-end=\"617\">\u00c1prilis 18. (p\u00e9ntek) 09:30<\/strong> \u2013 Nagyp\u00e9nteki istentisztelet, passi\u00f3-olvas\u00e1ssal<br data-start=\"665\" data-end=\"668\" \/>\ud83d\udd39 <strong data-start=\"671\" data-end=\"729\">\u00c1prilis 20. (vas\u00e1rnap) \u2013 H\u00fasv\u00e9ti \u00fcnnepi istentisztelet<\/strong><br data-start=\"729\" data-end=\"732\" \/>\u2003\u2003\ud83d\udccd Kom\u00e1rom \u2013 9:30<br data-start=\"751\" data-end=\"754\" \/>\u2003\u2003\ud83d\udccd \u00c9szak-Kom\u00e1rom \u2013 11:15<br data-start=\"780\" data-end=\"783\" data-is-only-node=\"\" \/>\u2003\u2003\ud83d\udccd B\u00e1bolna \u2013 15:00<\/p>\n<p class=\"\" data-start=\"807\" data-end=\"910\">\ud83d\udcac J\u00e9zus \u00e9l, \u00e9s ma is h\u00edv minket az \u00e9let teljess\u00e9g\u00e9re. \u00dcnnepelj\u00fck egy\u00fctt az \u0150 gy\u0151zelm\u00e9t a hal\u00e1l felett!<\/p>\n<p class=\"\" data-start=\"912\" data-end=\"996\"><strong data-start=\"912\" data-end=\"960\">\u00c1ldott h\u00fasv\u00e9ti \u00fcnnepet k\u00edv\u00e1nunk mindenkinek!<\/strong><br data-start=\"960\" data-end=\"963\" \/><em data-start=\"963\" data-end=\"996\">\u201eFelt\u00e1madt! Val\u00f3ban felt\u00e1madt!\u201d<\/em><\/p>\n","protected":false},"excerpt":{"rendered":"<p>\u201eFelt\u00e1madt! Val\u00f3ban felt\u00e1madt!\u201d\ud83c\udf89 Szeretettel h\u00edvunk \u00e9s v\u00e1runk mindenkit gy\u00fclekezet\u00fcnk h\u00fasv\u00e9ti \u00fcnnepi alkalmaira! Az \u00fcnnep k\u00f6z\u00e9ppontj\u00e1ban J\u00e9zus Krisztus szenved\u00e9se, hal\u00e1la \u00e9s felt\u00e1mad\u00e1sa \u00e1ll \u2013 az \u00f6r\u00f6mh\u00edr, amely megv\u00e1ltoztat mindent. Csendesedj\u00fcnk el [&hellip;]<\/p>\n","protected":false},"author":52,"featured_media":0,"comment_status":"closed","ping_status":"closed","sticky":false,"template":"","format":"standard","meta":{"_monsterinsights_skip_tracking":false,"_monsterinsights_sitenote_active":false,"_monsterinsights_sitenote_note":"","_monsterinsights_sitenote_category":0,"_themeisle_gutenberg_block_has_review":false,"footnotes":""},"categories":[1],"tags":[],"class_list":["post-1701","post","type-post","status-publish","format-standard","hentry","category-egyeb"],"jetpack_featured_media_url":"","_links":{"self":[{"href":"https:\/\/komarom.egyhazkozseg.hu\/index.php?rest_route=\/wp\/v2\/posts\/1701","targetHints":{"allow":["GET"]}}],"collection":[{"href":"https:\/\/komarom.egyhazkozseg.hu\/index.php?rest_route=\/wp\/v2\/posts"}],"about":[{"href":"https:\/\/komarom.egyhazkozseg.hu\/index.php?rest_route=\/wp\/v2\/types\/post"}],"author":[{"embeddable":true,"href":"https:\/\/komarom.egyhazkozseg.hu\/index.php?rest_route=\/wp\/v2\/users\/52"}],"replies":[{"embeddable":true,"href":"https:\/\/komarom.egyhazkozseg.hu\/index.php?rest_route=%2Fwp%2Fv2%2Fcomments&post=1701"}],"version-history":[{"count":1,"href":"https:\/\/komarom.egyhazkozseg.hu\/index.php?rest_route=\/wp\/v2\/posts\/1701\/revisions"}],"predecessor-version":[{"id":1703,"href":"https:\/\/komarom.egyhazkozseg.hu\/index.php?rest_route=\/wp\/v2\/posts\/1701\/revisions\/1703"}],"wp:attachment":[{"href":"https:\/\/komarom.egyhazkozseg.hu\/index.php?rest_route=%2Fwp%2Fv2%2Fmedia&parent=1701"}],"wp:term":[{"taxonomy":"category","embeddable":true,"href":"https:\/\/komarom.egyhazkozseg.hu\/index.php?rest_route=%2Fwp%2Fv2%2Fcategories&post=1701"},{"taxonomy":"post_tag","embeddable":true,"href":"https:\/\/komarom.egyhazkozseg.hu\/index.php?rest_route=%2Fwp%2Fv2%2Ftags&post=1701"}],"curies":[{"name":"wp","href":"https:\/\/api.w.org\/{rel}","templated":true}]}}