{"id":177,"date":"2020-12-21T21:56:26","date_gmt":"2020-12-21T21:56:26","guid":{"rendered":"http:\/\/komarom.egyhazkozseg.hu\/?p=177"},"modified":"2020-12-21T21:56:52","modified_gmt":"2020-12-21T21:56:52","slug":"kereszt-a-jaszolban-istentisztelet-2020-december-6-an-advent-2-vasarnapjan","status":"publish","type":"post","link":"https:\/\/komarom.egyhazkozseg.hu\/?p=177","title":{"rendered":"Kereszt a j\u00e1szolban? &#8211; Istentisztelet 2020. december 6-\u00e1n, advent 2. vas\u00e1rnapj\u00e1n"},"content":{"rendered":"<blockquote>\n<p style=\"text-align: justify;\"><em>&#8222;Hiszen erre h\u00edvattatok el, mivel Krisztus is szenvedett \u00e9rtetek, \u00e9s p\u00e9ld\u00e1t adott nektek, hogy az \u0151 nyomdokait k\u00f6vess\u00e9tek: \u0151 nem tett b\u0171nt, \u00e1lnoks\u00e1g sem hagyta el a sz\u00e1j\u00e1t, mikor gyal\u00e1zt\u00e1k, nem viszonozta a gyal\u00e1z\u00e1st; amikor szenvedett, nem fenyeget\u0151z\u00f6tt, hanem r\u00e1b\u00edzta ezt arra, aki igazs\u00e1gosan \u00edt\u00e9l. B\u0171neinket maga vitte fel test\u00e9ben a f\u00e1ra, hogy miut\u00e1n meghaltunk a b\u0171n\u00f6knek, az igazs\u00e1gnak \u00e9lj\u00fcnk: az \u0151 sebei \u00e1ltal gy\u00f3gyultatok meg. Mert olyanok voltatok, mint a t\u00e9velyg\u0151 juhok, de most megt\u00e9rtetek lelketek p\u00e1sztor\u00e1hoz \u00e9s gondvisel\u0151j\u00e9hez.&#8221;<\/em> (1P\u00e9t 2,21-25)<\/p>\n<\/blockquote>\n<p><iframe title=\"2020.12.06. Istentisztelet felv\u00e9tele igehirdet\u00e9s 1P\u00e9ter 2,21-25 alapj\u00e1n\" width=\"1200\" height=\"675\" src=\"https:\/\/www.youtube.com\/embed\/O7XDYMVJXsg?feature=oembed\" frameborder=\"0\" allow=\"accelerometer; autoplay; clipboard-write; encrypted-media; gyroscope; picture-in-picture; web-share\" referrerpolicy=\"strict-origin-when-cross-origin\" allowfullscreen><\/iframe><\/p>\n","protected":false},"excerpt":{"rendered":"<p>&#8222;Hiszen erre h\u00edvattatok el, mivel Krisztus is szenvedett \u00e9rtetek, \u00e9s p\u00e9ld\u00e1t adott nektek, hogy az \u0151 nyomdokait k\u00f6vess\u00e9tek: \u0151 nem tett b\u0171nt, \u00e1lnoks\u00e1g sem hagyta el a sz\u00e1j\u00e1t, mikor gyal\u00e1zt\u00e1k, [&hellip;]<\/p>\n","protected":false},"author":52,"featured_media":0,"comment_status":"open","ping_status":"open","sticky":false,"template":"","format":"standard","meta":{"_monsterinsights_skip_tracking":false,"_monsterinsights_sitenote_active":false,"_monsterinsights_sitenote_note":"","_monsterinsights_sitenote_category":0,"_themeisle_gutenberg_block_has_review":false,"footnotes":""},"categories":[1],"tags":[],"class_list":["post-177","post","type-post","status-publish","format-standard","hentry","category-egyeb"],"jetpack_featured_media_url":"","_links":{"self":[{"href":"https:\/\/komarom.egyhazkozseg.hu\/index.php?rest_route=\/wp\/v2\/posts\/177","targetHints":{"allow":["GET"]}}],"collection":[{"href":"https:\/\/komarom.egyhazkozseg.hu\/index.php?rest_route=\/wp\/v2\/posts"}],"about":[{"href":"https:\/\/komarom.egyhazkozseg.hu\/index.php?rest_route=\/wp\/v2\/types\/post"}],"author":[{"embeddable":true,"href":"https:\/\/komarom.egyhazkozseg.hu\/index.php?rest_route=\/wp\/v2\/users\/52"}],"replies":[{"embeddable":true,"href":"https:\/\/komarom.egyhazkozseg.hu\/index.php?rest_route=%2Fwp%2Fv2%2Fcomments&post=177"}],"version-history":[{"count":2,"href":"https:\/\/komarom.egyhazkozseg.hu\/index.php?rest_route=\/wp\/v2\/posts\/177\/revisions"}],"predecessor-version":[{"id":179,"href":"https:\/\/komarom.egyhazkozseg.hu\/index.php?rest_route=\/wp\/v2\/posts\/177\/revisions\/179"}],"wp:attachment":[{"href":"https:\/\/komarom.egyhazkozseg.hu\/index.php?rest_route=%2Fwp%2Fv2%2Fmedia&parent=177"}],"wp:term":[{"taxonomy":"category","embeddable":true,"href":"https:\/\/komarom.egyhazkozseg.hu\/index.php?rest_route=%2Fwp%2Fv2%2Fcategories&post=177"},{"taxonomy":"post_tag","embeddable":true,"href":"https:\/\/komarom.egyhazkozseg.hu\/index.php?rest_route=%2Fwp%2Fv2%2Ftags&post=177"}],"curies":[{"name":"wp","href":"https:\/\/api.w.org\/{rel}","templated":true}]}}