{"id":325,"date":"2021-08-26T07:41:48","date_gmt":"2021-08-26T07:41:48","guid":{"rendered":"https:\/\/komarom.egyhazkozseg.hu\/?p=325"},"modified":"2021-08-26T08:09:45","modified_gmt":"2021-08-26T08:09:45","slug":"uj-lelkesz-kerult-a-komaromi-evangelikus-egyhazkozsegbe","status":"publish","type":"post","link":"https:\/\/komarom.egyhazkozseg.hu\/?p=325","title":{"rendered":"\u00daj lelk\u00e9sz ker\u00fclt a Kom\u00e1romi Evang\u00e9likus Egyh\u00e1zk\u00f6zs\u00e9gbe"},"content":{"rendered":"<p>&nbsp;<\/p>\n<p><img fetchpriority=\"high\" decoding=\"async\" class=\"alignnone wp-image-348 size-large\" src=\"http:\/\/komarom.egyhazkozseg.hu\/wp-content\/uploads\/sites\/55\/2021\/08\/IMG_5595-768x1024.jpg\" alt=\"\" width=\"525\" height=\"700\" srcset=\"https:\/\/komarom.egyhazkozseg.hu\/wp-content\/uploads\/sites\/55\/2021\/08\/IMG_5595-768x1024.jpg 768w, https:\/\/komarom.egyhazkozseg.hu\/wp-content\/uploads\/sites\/55\/2021\/08\/IMG_5595-225x300.jpg 225w, https:\/\/komarom.egyhazkozseg.hu\/wp-content\/uploads\/sites\/55\/2021\/08\/IMG_5595-1152x1536.jpg 1152w, https:\/\/komarom.egyhazkozseg.hu\/wp-content\/uploads\/sites\/55\/2021\/08\/IMG_5595-1536x2048.jpg 1536w, https:\/\/komarom.egyhazkozseg.hu\/wp-content\/uploads\/sites\/55\/2021\/08\/IMG_5595-scaled.jpg 1920w\" sizes=\"(max-width: 525px) 100vw, 525px\" \/><\/p>\n<p>Nagy volt a s\u00fcrg\u00e9s-forg\u00e1s 2021 j\u00falius 31-ik\u00e9n a kom\u00e1romi evang\u00e9likus par\u00f3ki\u00e1n. \u00daj csal\u00e1d \u00e9rkezett a M\u00e1rt\u00edr\u00f3k \u00fatja 10. sz\u00e1mba. Kiss M\u00e1t\u00e9 lelk\u00e9sz \u00e9s csal\u00e1dja Fancsar\u00f3l k\u00f6lt\u00f6z\u00f6tt a kom\u00e1romi par\u00f3ki\u00e1ra. Mondhatn\u00e1nk azt is, hogy hazat\u00e9rt, hiszen 35 \u00e9vvel ezel\u0151tt ezen a helyen l\u00e1tta meg a napvil\u00e1got. \u00c9desapja Kiss P\u00e9ter kilenc \u00e9vet szolg\u00e1lt Kom\u00e1romban, \u00edgy M\u00e1t\u00e9 \u00e9lete els\u0151 h\u00e1rom \u00e9v\u00e9t ezen a par\u00f3ki\u00e1n t\u00f6lt\u00f6tte. Hossz\u00fa kit\u00e9r\u0151 ut\u00e1n visszat\u00e9rt.<\/p>\n<p><img decoding=\"async\" class=\"alignnone wp-image-351 size-large\" src=\"http:\/\/komarom.egyhazkozseg.hu\/wp-content\/uploads\/sites\/55\/2021\/08\/IMG_5617-769x1024.jpg\" alt=\"\" width=\"525\" height=\"699\" srcset=\"https:\/\/komarom.egyhazkozseg.hu\/wp-content\/uploads\/sites\/55\/2021\/08\/IMG_5617-769x1024.jpg 769w, https:\/\/komarom.egyhazkozseg.hu\/wp-content\/uploads\/sites\/55\/2021\/08\/IMG_5617-225x300.jpg 225w, https:\/\/komarom.egyhazkozseg.hu\/wp-content\/uploads\/sites\/55\/2021\/08\/IMG_5617-768x1023.jpg 768w, https:\/\/komarom.egyhazkozseg.hu\/wp-content\/uploads\/sites\/55\/2021\/08\/IMG_5617-1153x1536.jpg 1153w, https:\/\/komarom.egyhazkozseg.hu\/wp-content\/uploads\/sites\/55\/2021\/08\/IMG_5617-1537x2048.jpg 1537w, https:\/\/komarom.egyhazkozseg.hu\/wp-content\/uploads\/sites\/55\/2021\/08\/IMG_5617-scaled.jpg 1921w\" sizes=\"(max-width: 525px) 100vw, 525px\" \/><\/p>\n<p>Kiss M\u00e1t\u00e9 Szombathelyen n\u0151tt fel, 10 \u00e9ve mikor megh\u00e1zasodott, feles\u00e9g\u00e9vel Nagyp\u00e1l Bettin\u00e1val Ny\u00edrteleken kezdt\u00e9k k\u00f6z\u00f6s \u00e9let\u00fcket, szolg\u00e1latukat, a Filadelfia Evang\u00e9likus Egyh\u00e1zk\u00f6zs\u00e9gben. B\u00e1r egyik\u00fck sem arr\u00f3l a vid\u00e9kr\u0151l sz\u00e1rmazik, m\u00e9gis elfogadt\u00e1k Uruk h\u00edv\u00e1s\u00e1t az ott m\u0171k\u00f6d\u0151 g\u00f6r\u00f6gsz\u00e1ll\u00e1si cig\u00e1nymisszi\u00f3ba. Betti a gyerekek k\u00f6z\u00f6tt szolg\u00e1lt az evang\u00e9liummal, M\u00e1t\u00e9 pedig el\u0151sz\u00f6r az ifjak k\u00f6z\u00f6tt azt\u00e1n k\u00e9s\u0151bb m\u00e1r a feln\u0151ttek, ifjak \u00e9s gyerekek k\u00f6z\u00f6tt is. Nagyon \u00e1ldott id\u0151szak volt ez az \u00e9let\u00fckben, k\u00f6zel hat \u00e9vet t\u00f6lt\u00f6ttek ebben a szolg\u00e1latban. Ezut\u00e1n m\u00e9g 10 h\u00f3napot szolg\u00e1lt M\u00e1t\u00e9 a Ny\u00edregyh\u00e1zi Evang\u00e9likus Egyh\u00e1zk\u00f6zs\u00e9gben, a mandabokori k\u00f6rzetben Zsarnai Kriszt\u00e1n eperes \u00far mellett, gy\u00fclekezeti munkat\u00e1rsk\u00e9nt.<\/p>\n<p><img decoding=\"async\" class=\"alignnone wp-image-350 size-large\" src=\"http:\/\/komarom.egyhazkozseg.hu\/wp-content\/uploads\/sites\/55\/2021\/08\/IMG_5633-768x1024.jpg\" alt=\"\" width=\"525\" height=\"700\" srcset=\"https:\/\/komarom.egyhazkozseg.hu\/wp-content\/uploads\/sites\/55\/2021\/08\/IMG_5633-768x1024.jpg 768w, https:\/\/komarom.egyhazkozseg.hu\/wp-content\/uploads\/sites\/55\/2021\/08\/IMG_5633-225x300.jpg 225w, https:\/\/komarom.egyhazkozseg.hu\/wp-content\/uploads\/sites\/55\/2021\/08\/IMG_5633-1152x1536.jpg 1152w, https:\/\/komarom.egyhazkozseg.hu\/wp-content\/uploads\/sites\/55\/2021\/08\/IMG_5633-1537x2048.jpg 1537w, https:\/\/komarom.egyhazkozseg.hu\/wp-content\/uploads\/sites\/55\/2021\/08\/IMG_5633-scaled.jpg 1921w\" sizes=\"(max-width: 525px) 100vw, 525px\" \/><\/p>\n<p>Ezut\u00e1n ker\u00fclt el a csal\u00e1d, N\u00f3gr\u00e1d megy\u00e9be egy k\u00fcl\u00f6nleges hatod\u00e9vre. Itt nem csup\u00e1n a vanyarci gy\u00fclkezetben l\u00e1tott el hatod\u00e9ves szolg\u00e1latokat M\u00e1t\u00e9, hanem Galgagut\u00e1n \u00e9s Ter\u00e9nyben is helyettes\u00edtett Szab\u00f3 Andr\u00e1s esperes \u00farral egy\u00fctt. 2018 nyar\u00e1n megt\u00f6rt\u00e9nt az ordin\u00e1ci\u00f3 \u00e9s a Fancsal-Hern\u00e1dv\u00e9csei Evang\u00e9likus Egyh\u00e1zk\u00f6zs\u00e9gbe ker\u00fclt, beosztott lelk\u00e9szk\u00e9nt. Itt h\u00e1rom \u00e1ldott \u00e9vet t\u00f6lt\u00f6tt el a csal\u00e1d. Innen kapt\u00e1k a megh\u00edv\u00e1st a kom\u00e1romi gy\u00fclekezetbe.<\/p>\n<p><img loading=\"lazy\" decoding=\"async\" class=\"alignnone wp-image-349 size-large\" src=\"http:\/\/komarom.egyhazkozseg.hu\/wp-content\/uploads\/sites\/55\/2021\/08\/IMG_5622-767x1024.jpg\" alt=\"\" width=\"525\" height=\"701\" srcset=\"https:\/\/komarom.egyhazkozseg.hu\/wp-content\/uploads\/sites\/55\/2021\/08\/IMG_5622-767x1024.jpg 767w, https:\/\/komarom.egyhazkozseg.hu\/wp-content\/uploads\/sites\/55\/2021\/08\/IMG_5622-225x300.jpg 225w, https:\/\/komarom.egyhazkozseg.hu\/wp-content\/uploads\/sites\/55\/2021\/08\/IMG_5622-768x1025.jpg 768w, https:\/\/komarom.egyhazkozseg.hu\/wp-content\/uploads\/sites\/55\/2021\/08\/IMG_5622-1151x1536.jpg 1151w, https:\/\/komarom.egyhazkozseg.hu\/wp-content\/uploads\/sites\/55\/2021\/08\/IMG_5622-1534x2048.jpg 1534w, https:\/\/komarom.egyhazkozseg.hu\/wp-content\/uploads\/sites\/55\/2021\/08\/IMG_5622-scaled.jpg 1918w\" sizes=\"(max-width: 525px) 100vw, 525px\" \/><\/p>\n<p>Isten vezet\u00e9s\u00e9re figyelve indultak el ebben a szolg\u00e1latban. Az eg\u00e9sz csal\u00e1d izgatottan \u00e9s rem\u00e9nyekkel telve v\u00e1rja az \u00faj szolg\u00e1lat \u00e1ld\u00e1sait, kih\u00edv\u00e1sait. B\u00edznak abban, hogy Isten rendezte \u00fagy a dolgokat, hogy gy\u00fclekezet \u00e9s lelk\u00e9sz egym\u00e1sra tal\u00e1ljon. Minden\u00e9rt legyen Isten\u00e9 a dics\u0151s\u00e9g!<\/p>\n<p><img loading=\"lazy\" decoding=\"async\" class=\"alignnone wp-image-328 size-large\" src=\"http:\/\/komarom.egyhazkozseg.hu\/wp-content\/uploads\/sites\/55\/2021\/08\/DSC09133-1024x683.jpg\" alt=\"\" width=\"525\" height=\"350\" srcset=\"https:\/\/komarom.egyhazkozseg.hu\/wp-content\/uploads\/sites\/55\/2021\/08\/DSC09133-1024x683.jpg 1024w, https:\/\/komarom.egyhazkozseg.hu\/wp-content\/uploads\/sites\/55\/2021\/08\/DSC09133-300x200.jpg 300w, https:\/\/komarom.egyhazkozseg.hu\/wp-content\/uploads\/sites\/55\/2021\/08\/DSC09133-768x512.jpg 768w, https:\/\/komarom.egyhazkozseg.hu\/wp-content\/uploads\/sites\/55\/2021\/08\/DSC09133-1536x1024.jpg 1536w, https:\/\/komarom.egyhazkozseg.hu\/wp-content\/uploads\/sites\/55\/2021\/08\/DSC09133-2048x1365.jpg 2048w\" sizes=\"(max-width: 525px) 100vw, 525px\" \/><\/p>\n<p>Fot\u00f3:Varga Tam\u00e1s<\/p>\n<p>&nbsp;<\/p>\n","protected":false},"excerpt":{"rendered":"<p>&nbsp; Nagy volt a s\u00fcrg\u00e9s-forg\u00e1s 2021 j\u00falius 31-ik\u00e9n a kom\u00e1romi evang\u00e9likus par\u00f3ki\u00e1n. \u00daj csal\u00e1d \u00e9rkezett a M\u00e1rt\u00edr\u00f3k \u00fatja 10. sz\u00e1mba. Kiss M\u00e1t\u00e9 lelk\u00e9sz \u00e9s csal\u00e1dja Fancsar\u00f3l k\u00f6lt\u00f6z\u00f6tt a kom\u00e1romi par\u00f3ki\u00e1ra. [&hellip;]<\/p>\n","protected":false},"author":52,"featured_media":0,"comment_status":"open","ping_status":"open","sticky":false,"template":"","format":"standard","meta":{"_monsterinsights_skip_tracking":false,"_monsterinsights_sitenote_active":false,"_monsterinsights_sitenote_note":"","_monsterinsights_sitenote_category":0,"_themeisle_gutenberg_block_has_review":false,"footnotes":""},"categories":[1],"tags":[],"class_list":["post-325","post","type-post","status-publish","format-standard","hentry","category-egyeb"],"jetpack_featured_media_url":"","_links":{"self":[{"href":"https:\/\/komarom.egyhazkozseg.hu\/index.php?rest_route=\/wp\/v2\/posts\/325","targetHints":{"allow":["GET"]}}],"collection":[{"href":"https:\/\/komarom.egyhazkozseg.hu\/index.php?rest_route=\/wp\/v2\/posts"}],"about":[{"href":"https:\/\/komarom.egyhazkozseg.hu\/index.php?rest_route=\/wp\/v2\/types\/post"}],"author":[{"embeddable":true,"href":"https:\/\/komarom.egyhazkozseg.hu\/index.php?rest_route=\/wp\/v2\/users\/52"}],"replies":[{"embeddable":true,"href":"https:\/\/komarom.egyhazkozseg.hu\/index.php?rest_route=%2Fwp%2Fv2%2Fcomments&post=325"}],"version-history":[{"count":8,"href":"https:\/\/komarom.egyhazkozseg.hu\/index.php?rest_route=\/wp\/v2\/posts\/325\/revisions"}],"predecessor-version":[{"id":355,"href":"https:\/\/komarom.egyhazkozseg.hu\/index.php?rest_route=\/wp\/v2\/posts\/325\/revisions\/355"}],"wp:attachment":[{"href":"https:\/\/komarom.egyhazkozseg.hu\/index.php?rest_route=%2Fwp%2Fv2%2Fmedia&parent=325"}],"wp:term":[{"taxonomy":"category","embeddable":true,"href":"https:\/\/komarom.egyhazkozseg.hu\/index.php?rest_route=%2Fwp%2Fv2%2Fcategories&post=325"},{"taxonomy":"post_tag","embeddable":true,"href":"https:\/\/komarom.egyhazkozseg.hu\/index.php?rest_route=%2Fwp%2Fv2%2Ftags&post=325"}],"curies":[{"name":"wp","href":"https:\/\/api.w.org\/{rel}","templated":true}]}}