{"id":417,"date":"2021-09-23T06:57:58","date_gmt":"2021-09-23T06:57:58","guid":{"rendered":"https:\/\/komarom.egyhazkozseg.hu\/?p=417"},"modified":"2021-09-23T06:57:58","modified_gmt":"2021-09-23T06:57:58","slug":"tanevnyito-istentisztelet-volt-a-komaromi-evangelikus-gyulekezetben","status":"publish","type":"post","link":"https:\/\/komarom.egyhazkozseg.hu\/?p=417","title":{"rendered":"Tan\u00e9vnyit\u00f3 Istentisztelet volt a Kom\u00e1romi Evang\u00e9likus Gy\u00fclekezetben"},"content":{"rendered":"<p><img fetchpriority=\"high\" decoding=\"async\" class=\"alignnone size-full wp-image-413\" src=\"http:\/\/komarom.egyhazkozseg.hu\/wp-content\/uploads\/sites\/55\/2021\/09\/242332805_364897795339511_1429969633746663172_n.jpg\" alt=\"\" width=\"2592\" height=\"1944\" \/><\/p>\n<p>2021 szeptember 19-\u00e9n tan\u00e9vnyit\u00f3 ifj\u00fas\u00e1gi Istentiszteletet tartott a Kom\u00e1romi Evang\u00e9likus Gy\u00fclekezet. Az \u00f3vod\u00e1sok, \u00e1ltal\u00e1nos \u00e9s k\u00f6z\u00e9p iskol\u00e1s tanul\u00f3k \u00e9s sz\u00fcleik, Isten \u00e1ld\u00e1s\u00e1val kezdt\u00e9k meg az idei tan\u00e9v\u00fcket.<\/p>\n<div id='gallery-1' class='gallery galleryid-417 gallery-columns-3 gallery-size-large'><figure class='gallery-item'>\n\t\t\t<div class='gallery-icon landscape'>\n\t\t\t\t<a href='https:\/\/komarom.egyhazkozseg.hu\/wp-content\/uploads\/sites\/55\/2021\/09\/242209078_157514089887805_1552663609353935877_n.jpg' title=\"\" data-rl_title=\"\" class=\"rl-gallery-link\" data-rl_caption=\"\" data-rel=\"lightbox-gallery-1\"><img decoding=\"async\" width=\"1024\" height=\"768\" src=\"https:\/\/komarom.egyhazkozseg.hu\/wp-content\/uploads\/sites\/55\/2021\/09\/242209078_157514089887805_1552663609353935877_n.jpg\" class=\"attachment-large size-large\" alt=\"\" \/><\/a>\n\t\t\t<\/div><\/figure><figure class='gallery-item'>\n\t\t\t<div class='gallery-icon landscape'>\n\t\t\t\t<a href='https:\/\/komarom.egyhazkozseg.hu\/wp-content\/uploads\/sites\/55\/2021\/09\/242296996_244559037583499_2004683037945249204_n-1.jpg' title=\"\" data-rl_title=\"\" class=\"rl-gallery-link\" data-rl_caption=\"\" data-rel=\"lightbox-gallery-1\"><img decoding=\"async\" width=\"1024\" height=\"768\" src=\"https:\/\/komarom.egyhazkozseg.hu\/wp-content\/uploads\/sites\/55\/2021\/09\/242296996_244559037583499_2004683037945249204_n-1.jpg\" class=\"attachment-large size-large\" alt=\"\" \/><\/a>\n\t\t\t<\/div><\/figure><figure class='gallery-item'>\n\t\t\t<div class='gallery-icon landscape'>\n\t\t\t\t<a href='https:\/\/komarom.egyhazkozseg.hu\/wp-content\/uploads\/sites\/55\/2021\/09\/242332805_364897795339511_1429969633746663172_n.jpg' title=\"\" data-rl_title=\"\" class=\"rl-gallery-link\" data-rl_caption=\"\" data-rel=\"lightbox-gallery-1\"><img loading=\"lazy\" decoding=\"async\" width=\"1024\" height=\"768\" src=\"https:\/\/komarom.egyhazkozseg.hu\/wp-content\/uploads\/sites\/55\/2021\/09\/242332805_364897795339511_1429969633746663172_n.jpg\" class=\"attachment-large size-large\" alt=\"\" \/><\/a>\n\t\t\t<\/div><\/figure><figure class='gallery-item'>\n\t\t\t<div class='gallery-icon landscape'>\n\t\t\t\t<a href='https:\/\/komarom.egyhazkozseg.hu\/wp-content\/uploads\/sites\/55\/2021\/09\/242342506_955066778557868_3546684127431094221_n.jpg' title=\"\" data-rl_title=\"\" class=\"rl-gallery-link\" data-rl_caption=\"\" data-rel=\"lightbox-gallery-1\"><img loading=\"lazy\" decoding=\"async\" width=\"1024\" height=\"768\" src=\"https:\/\/komarom.egyhazkozseg.hu\/wp-content\/uploads\/sites\/55\/2021\/09\/242342506_955066778557868_3546684127431094221_n.jpg\" class=\"attachment-large size-large\" alt=\"\" \/><\/a>\n\t\t\t<\/div><\/figure>\n\t\t<\/div>\n\n","protected":false},"excerpt":{"rendered":"<p>2021 szeptember 19-\u00e9n tan\u00e9vnyit\u00f3 ifj\u00fas\u00e1gi Istentiszteletet tartott a Kom\u00e1romi Evang\u00e9likus Gy\u00fclekezet. Az \u00f3vod\u00e1sok, \u00e1ltal\u00e1nos \u00e9s k\u00f6z\u00e9p iskol\u00e1s tanul\u00f3k \u00e9s sz\u00fcleik, Isten \u00e1ld\u00e1s\u00e1val kezdt\u00e9k meg az idei tan\u00e9v\u00fcket.<\/p>\n","protected":false},"author":52,"featured_media":0,"comment_status":"open","ping_status":"open","sticky":false,"template":"","format":"standard","meta":{"_monsterinsights_skip_tracking":false,"_monsterinsights_sitenote_active":false,"_monsterinsights_sitenote_note":"","_monsterinsights_sitenote_category":0,"_themeisle_gutenberg_block_has_review":false,"footnotes":""},"categories":[1],"tags":[],"class_list":["post-417","post","type-post","status-publish","format-standard","hentry","category-egyeb"],"jetpack_featured_media_url":"","_links":{"self":[{"href":"https:\/\/komarom.egyhazkozseg.hu\/index.php?rest_route=\/wp\/v2\/posts\/417","targetHints":{"allow":["GET"]}}],"collection":[{"href":"https:\/\/komarom.egyhazkozseg.hu\/index.php?rest_route=\/wp\/v2\/posts"}],"about":[{"href":"https:\/\/komarom.egyhazkozseg.hu\/index.php?rest_route=\/wp\/v2\/types\/post"}],"author":[{"embeddable":true,"href":"https:\/\/komarom.egyhazkozseg.hu\/index.php?rest_route=\/wp\/v2\/users\/52"}],"replies":[{"embeddable":true,"href":"https:\/\/komarom.egyhazkozseg.hu\/index.php?rest_route=%2Fwp%2Fv2%2Fcomments&post=417"}],"version-history":[{"count":1,"href":"https:\/\/komarom.egyhazkozseg.hu\/index.php?rest_route=\/wp\/v2\/posts\/417\/revisions"}],"predecessor-version":[{"id":418,"href":"https:\/\/komarom.egyhazkozseg.hu\/index.php?rest_route=\/wp\/v2\/posts\/417\/revisions\/418"}],"wp:attachment":[{"href":"https:\/\/komarom.egyhazkozseg.hu\/index.php?rest_route=%2Fwp%2Fv2%2Fmedia&parent=417"}],"wp:term":[{"taxonomy":"category","embeddable":true,"href":"https:\/\/komarom.egyhazkozseg.hu\/index.php?rest_route=%2Fwp%2Fv2%2Fcategories&post=417"},{"taxonomy":"post_tag","embeddable":true,"href":"https:\/\/komarom.egyhazkozseg.hu\/index.php?rest_route=%2Fwp%2Fv2%2Ftags&post=417"}],"curies":[{"name":"wp","href":"https:\/\/api.w.org\/{rel}","templated":true}]}}