{"id":446,"date":"2021-10-19T15:22:23","date_gmt":"2021-10-19T15:22:23","guid":{"rendered":"https:\/\/komarom.egyhazkozseg.hu\/?p=446"},"modified":"2021-10-19T15:30:16","modified_gmt":"2021-10-19T15:30:16","slug":"az-elottunk-jaro-isten-nyomaban-lelkesziktatas-komaromban","status":"publish","type":"post","link":"https:\/\/komarom.egyhazkozseg.hu\/?p=446","title":{"rendered":"Az el\u0151tt\u00fcnk j\u00e1r\u00f3 Isten nyom\u00e1ban-Lelk\u00e9sziktat\u00e1s Kom\u00e1romban"},"content":{"rendered":"<p>Sz\u00f6veg \u00e9s fot\u00f3: Ad\u00e1mi M\u00e1ria<\/p>\n<p class=\"lead-justify\">Visszat\u00e9rt sz\u00fcl\u0151v\u00e1ros\u00e1ba Kiss M\u00e1t\u00e9, akit okt\u00f3ber 16-\u00e1n iktatott be a Kom\u00e1romi Evang\u00e9likus Egyh\u00e1zk\u00f6zs\u00e9g par\u00f3kus lelk\u00e9szi hivatal\u00e1ba Szarka Istv\u00e1n, a Fej\u00e9r-Kom\u00e1romi Egyh\u00e1zmegye esperese. Az \u00faj lelk\u00e9sz az \u00e9desapj\u00e1nak, Kiss P\u00e9ternek a kom\u00e1romi szolg\u00e1lata idej\u00e9n sz\u00fcletett, \u00e9s \u00e9let\u00e9nek els\u0151 h\u00e1rom \u00e9v\u00e9t azon a par\u00f3ki\u00e1n t\u00f6lt\u00f6tte, ahol most csal\u00e1dj\u00e1val ism\u00e9t otthonra tal\u00e1lt.<\/p>\n<p class=\"Standard\"><img fetchpriority=\"high\" decoding=\"async\" src=\"https:\/\/www.evangelikus.hu\/images\/_fotok_uj_oldalra\/2021\/2021_10\/20211019\/20211016_Kiss_Mate_lelkesziktatasa_foto_Adami_Maria_9.jpg\" alt=\"20211016 Kiss Mate lelkesziktatasa foto Adami Maria 9\" width=\"1400\" height=\"921\" \/><\/p>\n<p class=\"text-justify\">Az evang\u00e9likus imah\u00e1zban tartott \u00fcnnepi istentiszteleten Szemerei J\u00e1nos, a Nyugati (Dun\u00e1nt\u00fali) Egyh\u00e1zker\u00fclet p\u00fcsp\u00f6ke hirdette Isten ig\u00e9j\u00e9t. \u00c9nekkel k\u00f6zrem\u0171k\u00f6d\u00f6tt a gy\u00fclekezet k\u00f3rusa.<\/p>\n<p class=\"text-justify\">\u201eIsten el\u0151tt\u00fcnk j\u00e1r, megel\u0151z benn\u00fcnket \u2013 hangs\u00falyozta 5M\u00f3z 31,8 alapj\u00e1n tartott pr\u00e9dik\u00e1ci\u00f3j\u00e1ban a p\u00fcsp\u00f6k. \u2013 Nem tudunk olyan helyre menni, ahol az \u00dar ne lett volna ott el\u0151bb.\u201d Majd M\u00f3zes \u00e9s J\u00f3zsu\u00e9 k\u00fcldet\u00e9s\u00e9vel p\u00e1rhuzamot vonva \u00edgy fogalmazott: \u201eA lelk\u00e9szi szolg\u00e1lat is arr\u00f3l sz\u00f3l, hogy az embereket \u2013 lelki \u00e9rtelemben \u2013 az \u00edg\u00e9ret f\u00f6ldj\u00e9re vezess\u00fck. Rajtunk kereszt\u00fcl lehessenek Krisztus k\u00f6vet\u0151i. tan\u00edtv\u00e1nyai.\u201d<\/p>\n<p class=\"text-justify\">Ezut\u00e1n Szarka Istv\u00e1n esperes beiktatta Kiss M\u00e1t\u00e9t par\u00f3kus lelk\u00e9szi tiszts\u00e9g\u00e9be, a jelen l\u00e9v\u0151 lelk\u00e9szek pedig egyenk\u00e9nt Isten \u00e1ld\u00e1s\u00e1t k\u00e9rt\u00e9k koll\u00e9g\u00e1juk \u00e9let\u00e9re \u00e9s szolg\u00e1lat\u00e1ra.<\/p>\n<p class=\"text-justify\">A frissen beiktatott lelk\u00e9sz az \u00e9let\u00e9t v\u00e9gigk\u00eds\u00e9r\u0151 igeszakasz, Mt 6,31\u201333 alapj\u00e1n az \u00faj kezdethez kapcsol\u00f3d\u00f3 v\u00e1rakoz\u00e1sokr\u00f3l \u00e9s a fontoss\u00e1gi sorrendr\u0151l besz\u00e9lt a sz\u00f3sz\u00e9ken. \u201eMivel van tele az \u00e9leted? Agg\u00f3d\u00e1ssal a j\u00f6v\u0151 miatt? Vagy Krisztusba vetett rem\u00e9nys\u00e9ggel?\u201d \u2013 tette fel a k\u00e9rd\u00e9st. Ezut\u00e1n arra biztatta a hallgat\u00f3s\u00e1got, hogy Krisztusra n\u00e9zzenek, \u00e9s a mennyei kincsek gy\u0171jt\u00e9s\u00e9n f\u00e1radozzanak. S\u0151t lelk\u00e9sz\u00fcket is eml\u00e9keztess\u00e9k erre, ha a l\u00e9nyeget elfelejten\u00e9. \u201eLegyen ez a k\u00f6z\u00f6s programunk, amit megval\u00f3s\u00edtunk: ne aggodalmaskodjunk, hanem keress\u00fck el\u0151sz\u00f6r Isten orsz\u00e1g\u00e1t \u00e9s az \u0151 igazs\u00e1g\u00e1t\u201d \u2013 z\u00e1rta igehirdet\u00e9s\u00e9t Kiss M\u00e1t\u00e9.<\/p>\n<p><img decoding=\"async\" src=\"https:\/\/www.evangelikus.hu\/images\/_fotok_uj_oldalra\/2021\/2021_10\/20211019\/20211016_Kiss_Mate_lelkesziktatasa_foto_Adami_Maria_20.jpg\" alt=\"20211016 Kiss Mate lelkesziktatasa foto Adami Maria 20\" width=\"1400\" height=\"968\" \/><\/p>\n<p class=\"text-justify\">Az istentisztelethez kapcsol\u00f3d\u00f3 k\u00f6zgy\u0171l\u00e9sen j\u00f3k\u00edv\u00e1ns\u00e1gait fejezte ki az \u00faj lelk\u00e9sznek Osgy\u00e1n L\u00e1szl\u00f3, a kom\u00e1romi egyh\u00e1zk\u00f6zs\u00e9g fel\u00fcgyel\u0151je, valamint M\u00e9sz\u00e1ros Tam\u00e1s egyh\u00e1zker\u00fcleti \u00e9s Moln\u00e1r Istv\u00e1n egyh\u00e1zmegyei fel\u00fcgyel\u0151. A csal\u00e1d nev\u00e9ben Kiss P\u00e9ter, M\u00e1t\u00e9 \u00e9desapja sz\u00f3lt. Egy \u00f6r\u00f6ks\u00e9get \u2013 nagysz\u00fcleinek k\u00e9z\u00edr\u00e1sos leveleit \u2013 \u00e9s egy tan\u00e1csot adott \u00e1t a fi\u00e1nak: \u201eSzeresd az \u00dar J\u00e9zust, \u00e9s ne hallgass m\u00e1sra!\u201d<\/p>\n<p class=\"text-justify\">Az alkalmat a helyi \u00f6nkorm\u00e1nyzat \u00e1ltal szervezett, az Arany 17 Rendezv\u00e9nyk\u00f6zpontban tartott szeretetvend\u00e9gs\u00e9g k\u00f6vette, amelyen tov\u00e1bbi k\u00f6sz\u00f6nt\u0151k hangzottak el. Itt t\u00f6bbek k\u00f6z\u00f6tt dr. Moln\u00e1r Attila, Kom\u00e1rom v\u00e1ros polg\u00e1rmestere is \u00fcdv\u00f6z\u00f6lte az evang\u00e9likus lelk\u00e9szcsal\u00e1dot.<\/p>\n<p class=\"keretes\"><em>Kiss M\u00e1t\u00e9t 2018 nyar\u00e1n ordin\u00e1lta dr. Fabiny Tam\u00e1s p\u00fcsp\u00f6k. Szolg\u00e1lat\u00e1t a Fancsal\u2013Hern\u00e1dv\u00e9csei Evang\u00e9likus Egyh\u00e1zk\u00f6zs\u00e9gben kezdte meg beosztott lelk\u00e9szk\u00e9nt. A par\u00f3kusi alkalmass\u00e1gi vizsg\u00e1lat meg\u00e1ll\u00e1sa ut\u00e1n innen \u00e9rkezett Kom\u00e1romba, els\u0151 megv\u00e1lasztott lelk\u00e9szi tiszts\u00e9g\u00e9be. Feles\u00e9g\u00e9vel, Kiss M\u00e1t\u00e9n\u00e9 Nagyp\u00e1l Bettin\u00e1val n\u00e9gy gyermeket nevelnek.<\/em><\/p>\n<p><iframe title=\"Beiktatt\u00e1k tiszts\u00e9g\u00e9be az \u00faj evang\u00e9likus lelk\u00e9szt\" width=\"1200\" height=\"675\" src=\"https:\/\/www.youtube.com\/embed\/fy_VQV6aNQk?feature=oembed\" frameborder=\"0\" allow=\"accelerometer; autoplay; clipboard-write; encrypted-media; gyroscope; picture-in-picture; web-share\" referrerpolicy=\"strict-origin-when-cross-origin\" allowfullscreen><\/iframe><\/p>\n<p>https:\/\/youtu.be\/NlP_eEwf7eM<\/p>\n<p>&nbsp;<\/p>\n<div class=\"cwgitem       style1\" data-border=\"10\" data-sub-html=\"\" data-src=\"https:\/\/www.evangelikus.hu\/images\/cwgallery\/104-lelkesziktatas-komaromban\/104_20211016_Kiss_Mate_lelkesziktatasa_foto_Adami_Maria_1.jpg\"><a class=\"cimage overlay\" href=\"https:\/\/www.evangelikus.hu\/images\/cwgallery\/104-lelkesziktatas-komaromban\/104_20211016_Kiss_Mate_lelkesziktatasa_foto_Adami_Maria_1.jpg\" data-fancybox=\"photo-104\" data-caption=\"\" data-title=\"\" data-rel=\"lightbox-image-0\" data-rl_title=\"\" data-rl_caption=\"\"><img decoding=\"async\" class=\"cphoto \" title=\"\" src=\"https:\/\/www.evangelikus.hu\/images\/cwgallery\/104-lelkesziktatas-komaromban\/thumb_104_20211016_Kiss_Mate_lelkesziktatasa_foto_Adami_Maria_1.jpg\" alt=\"\" \/><\/a><\/p>\n<div class=\"cmask dark style1\">\n<div class=\"cmaskWrapper\"><\/div>\n<\/div>\n<\/div>\n<div class=\"cwgitem       style1\" data-border=\"10\" data-sub-html=\"\" data-src=\"https:\/\/www.evangelikus.hu\/images\/cwgallery\/104-lelkesziktatas-komaromban\/104_20211016_Kiss_Mate_lelkesziktatasa_foto_Adami_Maria_4.jpg\"><a class=\"cimage overlay\" href=\"https:\/\/www.evangelikus.hu\/images\/cwgallery\/104-lelkesziktatas-komaromban\/104_20211016_Kiss_Mate_lelkesziktatasa_foto_Adami_Maria_4.jpg\" data-fancybox=\"photo-104\" data-caption=\"\" data-title=\"\" data-rel=\"lightbox-image-1\" data-rl_title=\"\" data-rl_caption=\"\"><img decoding=\"async\" class=\"cphoto \" title=\"\" src=\"https:\/\/www.evangelikus.hu\/images\/cwgallery\/104-lelkesziktatas-komaromban\/thumb_104_20211016_Kiss_Mate_lelkesziktatasa_foto_Adami_Maria_4.jpg\" alt=\"\" \/><\/a><\/p>\n<div class=\"cmask dark style1\">\n<div class=\"cmaskWrapper\"><\/div>\n<\/div>\n<\/div>\n<div class=\"cwgitem       style1\" data-border=\"10\" data-sub-html=\"\" data-src=\"https:\/\/www.evangelikus.hu\/images\/cwgallery\/104-lelkesziktatas-komaromban\/104_20211016_Kiss_Mate_lelkesziktatasa_foto_Adami_Maria_11.jpg\"><a class=\"cimage overlay\" href=\"https:\/\/www.evangelikus.hu\/images\/cwgallery\/104-lelkesziktatas-komaromban\/104_20211016_Kiss_Mate_lelkesziktatasa_foto_Adami_Maria_11.jpg\" data-fancybox=\"photo-104\" data-caption=\"\" data-title=\"\" data-rel=\"lightbox-image-2\" data-rl_title=\"\" data-rl_caption=\"\"><img decoding=\"async\" class=\"cphoto \" title=\"\" src=\"https:\/\/www.evangelikus.hu\/images\/cwgallery\/104-lelkesziktatas-komaromban\/thumb_104_20211016_Kiss_Mate_lelkesziktatasa_foto_Adami_Maria_11.jpg\" alt=\"\" \/><\/a><\/p>\n<div class=\"cmask dark style1\">\n<div class=\"cmaskWrapper\"><\/div>\n<\/div>\n<\/div>\n<div class=\"cwgitem       style1\" data-border=\"10\" data-sub-html=\"\" data-src=\"https:\/\/www.evangelikus.hu\/images\/cwgallery\/104-lelkesziktatas-komaromban\/104_20211016_Kiss_Mate_lelkesziktatasa_foto_Adami_Maria_6.jpg\"><a class=\"cimage overlay\" href=\"https:\/\/www.evangelikus.hu\/images\/cwgallery\/104-lelkesziktatas-komaromban\/104_20211016_Kiss_Mate_lelkesziktatasa_foto_Adami_Maria_6.jpg\" data-fancybox=\"photo-104\" data-caption=\"\" data-title=\"\" data-rel=\"lightbox-image-3\" data-rl_title=\"\" data-rl_caption=\"\"><img decoding=\"async\" class=\"cphoto \" title=\"\" src=\"https:\/\/www.evangelikus.hu\/images\/cwgallery\/104-lelkesziktatas-komaromban\/thumb_104_20211016_Kiss_Mate_lelkesziktatasa_foto_Adami_Maria_6.jpg\" alt=\"\" \/><\/a><\/p>\n<div class=\"cmask dark style1\">\n<div class=\"cmaskWrapper\"><\/div>\n<\/div>\n<\/div>\n<div class=\"cwgitem       style1\" data-border=\"10\" data-sub-html=\"\" data-src=\"https:\/\/www.evangelikus.hu\/images\/cwgallery\/104-lelkesziktatas-komaromban\/104_20211016_Kiss_Mate_lelkesziktatasa_foto_Adami_Maria_5.jpg\"><a class=\"cimage overlay\" href=\"https:\/\/www.evangelikus.hu\/images\/cwgallery\/104-lelkesziktatas-komaromban\/104_20211016_Kiss_Mate_lelkesziktatasa_foto_Adami_Maria_5.jpg\" data-fancybox=\"photo-104\" data-caption=\"\" data-title=\"\" data-rel=\"lightbox-image-4\" data-rl_title=\"\" data-rl_caption=\"\"><img decoding=\"async\" class=\"cphoto \" title=\"\" src=\"https:\/\/www.evangelikus.hu\/images\/cwgallery\/104-lelkesziktatas-komaromban\/thumb_104_20211016_Kiss_Mate_lelkesziktatasa_foto_Adami_Maria_5.jpg\" alt=\"\" \/><\/a><\/p>\n<div class=\"cmask dark style1\">\n<div class=\"cmaskWrapper\"><\/div>\n<\/div>\n<\/div>\n<div class=\"cwgitem       style1\" data-border=\"10\" data-sub-html=\"20211016_Kiss_Mate_lelkesziktatasa_foto_Adami_Maria_8.jpg\" data-src=\"https:\/\/www.evangelikus.hu\/images\/cwgallery\/104-lelkesziktatas-komaromban\/104_20211016_Kiss_Mate_lelkesziktatasa_foto_Adami_Maria_8.jpg\"><a class=\"cimage overlay\" href=\"https:\/\/www.evangelikus.hu\/images\/cwgallery\/104-lelkesziktatas-komaromban\/104_20211016_Kiss_Mate_lelkesziktatasa_foto_Adami_Maria_8.jpg\" data-fancybox=\"photo-104\" data-caption=\"20211016_Kiss_Mate_lelkesziktatasa_foto_Adami_Maria_8.jpg\" data-title=\"\" data-rel=\"lightbox-image-5\" data-rl_title=\"\" data-rl_caption=\"\"><img decoding=\"async\" class=\"cphoto \" title=\"\" src=\"https:\/\/www.evangelikus.hu\/images\/cwgallery\/104-lelkesziktatas-komaromban\/thumb_104_20211016_Kiss_Mate_lelkesziktatasa_foto_Adami_Maria_8.jpg\" alt=\"20211016_Kiss_Mate_lelkesziktatasa_foto_Adami_Maria_8.jpg\" \/><\/a><\/p>\n<div class=\"cmask dark style1\">\n<div class=\"cmaskWrapper\"><span class=\"ccaption\"><span class=\"ctitle\">20211016_\u00adKiss_\u00adMa\u00adte_\u00adlel\u00adke\u00adszik\u00adta\u00adta\u00adsa_\u00adfo\u00adto_Ada\u00admi_\u00adMa\u00adria_8.jpg<\/span><\/span><\/div>\n<\/div>\n<\/div>\n<div class=\"cwgitem       style1\" data-border=\"10\" data-sub-html=\"\" data-src=\"https:\/\/www.evangelikus.hu\/images\/cwgallery\/104-lelkesziktatas-komaromban\/104_20211016_Kiss_Mate_lelkesziktatasa_foto_Adami_Maria_7.jpg\"><a class=\"cimage overlay\" href=\"https:\/\/www.evangelikus.hu\/images\/cwgallery\/104-lelkesziktatas-komaromban\/104_20211016_Kiss_Mate_lelkesziktatasa_foto_Adami_Maria_7.jpg\" data-fancybox=\"photo-104\" data-caption=\"\" data-title=\"\" data-rel=\"lightbox-image-6\" data-rl_title=\"\" data-rl_caption=\"\"><img decoding=\"async\" class=\"cphoto \" title=\"\" src=\"https:\/\/www.evangelikus.hu\/images\/cwgallery\/104-lelkesziktatas-komaromban\/thumb_104_20211016_Kiss_Mate_lelkesziktatasa_foto_Adami_Maria_7.jpg\" alt=\"\" \/><\/a><\/p>\n<div class=\"cmask dark style1\">\n<div class=\"cmaskWrapper\"><\/div>\n<\/div>\n<\/div>\n<div class=\"cwgitem       style1\" data-border=\"10\" data-sub-html=\"\" data-src=\"https:\/\/www.evangelikus.hu\/images\/cwgallery\/104-lelkesziktatas-komaromban\/104_20211016_Kiss_Mate_lelkesziktatasa_foto_Adami_Maria_9.jpg\"><a class=\"cimage overlay\" href=\"https:\/\/www.evangelikus.hu\/images\/cwgallery\/104-lelkesziktatas-komaromban\/104_20211016_Kiss_Mate_lelkesziktatasa_foto_Adami_Maria_9.jpg\" data-fancybox=\"photo-104\" data-caption=\"\" data-title=\"\" data-rel=\"lightbox-image-7\" data-rl_title=\"\" data-rl_caption=\"\"><img decoding=\"async\" class=\"cphoto \" title=\"\" src=\"https:\/\/www.evangelikus.hu\/images\/cwgallery\/104-lelkesziktatas-komaromban\/thumb_104_20211016_Kiss_Mate_lelkesziktatasa_foto_Adami_Maria_9.jpg\" alt=\"\" \/><\/a><\/p>\n<div class=\"cmask dark style1\">\n<div class=\"cmaskWrapper\"><\/div>\n<\/div>\n<\/div>\n<div class=\"cwgitem       style1\" data-border=\"10\" data-sub-html=\"\" data-src=\"https:\/\/www.evangelikus.hu\/images\/cwgallery\/104-lelkesziktatas-komaromban\/104_20211016_Kiss_Mate_lelkesziktatasa_foto_Adami_Maria_10.jpg\"><a class=\"cimage overlay\" href=\"https:\/\/www.evangelikus.hu\/images\/cwgallery\/104-lelkesziktatas-komaromban\/104_20211016_Kiss_Mate_lelkesziktatasa_foto_Adami_Maria_10.jpg\" data-fancybox=\"photo-104\" data-caption=\"\" data-title=\"\" data-rel=\"lightbox-image-8\" data-rl_title=\"\" data-rl_caption=\"\"><img decoding=\"async\" class=\"cphoto \" title=\"\" src=\"https:\/\/www.evangelikus.hu\/images\/cwgallery\/104-lelkesziktatas-komaromban\/thumb_104_20211016_Kiss_Mate_lelkesziktatasa_foto_Adami_Maria_10.jpg\" alt=\"\" \/><\/a><\/p>\n<div class=\"cmask dark style1\">\n<div class=\"cmaskWrapper\"><\/div>\n<\/div>\n<\/div>\n<div class=\"cwgitem       style1\" data-border=\"10\" data-sub-html=\"\" data-src=\"https:\/\/www.evangelikus.hu\/images\/cwgallery\/104-lelkesziktatas-komaromban\/104_20211016_Kiss_Mate_lelkesziktatasa_foto_Adami_Maria_12.jpg\"><a class=\"cimage overlay\" href=\"https:\/\/www.evangelikus.hu\/images\/cwgallery\/104-lelkesziktatas-komaromban\/104_20211016_Kiss_Mate_lelkesziktatasa_foto_Adami_Maria_12.jpg\" data-fancybox=\"photo-104\" data-caption=\"\" data-title=\"\" data-rel=\"lightbox-image-9\" data-rl_title=\"\" data-rl_caption=\"\"><img decoding=\"async\" class=\"cphoto \" title=\"\" src=\"https:\/\/www.evangelikus.hu\/images\/cwgallery\/104-lelkesziktatas-komaromban\/thumb_104_20211016_Kiss_Mate_lelkesziktatasa_foto_Adami_Maria_12.jpg\" alt=\"\" \/><\/a><\/p>\n<div class=\"cmask dark style1\">\n<div class=\"cmaskWrapper\"><\/div>\n<\/div>\n<\/div>\n<div class=\"cwgitem       style1\" data-border=\"10\" data-sub-html=\"\" data-src=\"https:\/\/www.evangelikus.hu\/images\/cwgallery\/104-lelkesziktatas-komaromban\/104_20211016_Kiss_Mate_lelkesziktatasa_foto_Adami_Maria_13.jpg\"><a class=\"cimage overlay\" href=\"https:\/\/www.evangelikus.hu\/images\/cwgallery\/104-lelkesziktatas-komaromban\/104_20211016_Kiss_Mate_lelkesziktatasa_foto_Adami_Maria_13.jpg\" data-fancybox=\"photo-104\" data-caption=\"\" data-title=\"\" data-rel=\"lightbox-image-10\" data-rl_title=\"\" data-rl_caption=\"\"><img decoding=\"async\" class=\"cphoto \" title=\"\" src=\"https:\/\/www.evangelikus.hu\/images\/cwgallery\/104-lelkesziktatas-komaromban\/thumb_104_20211016_Kiss_Mate_lelkesziktatasa_foto_Adami_Maria_13.jpg\" alt=\"\" \/><\/a><\/p>\n<div class=\"cmask dark style1\">\n<div class=\"cmaskWrapper\"><\/div>\n<\/div>\n<\/div>\n<div class=\"cwgitem       style1\" data-border=\"10\" data-sub-html=\"\" data-src=\"https:\/\/www.evangelikus.hu\/images\/cwgallery\/104-lelkesziktatas-komaromban\/104_20211016_Kiss_Mate_lelkesziktatasa_foto_Adami_Maria_14.jpg\"><a class=\"cimage overlay\" href=\"https:\/\/www.evangelikus.hu\/images\/cwgallery\/104-lelkesziktatas-komaromban\/104_20211016_Kiss_Mate_lelkesziktatasa_foto_Adami_Maria_14.jpg\" data-fancybox=\"photo-104\" data-caption=\"\" data-title=\"\" data-rel=\"lightbox-image-11\" data-rl_title=\"\" data-rl_caption=\"\"><img decoding=\"async\" class=\"cphoto \" title=\"\" src=\"https:\/\/www.evangelikus.hu\/images\/cwgallery\/104-lelkesziktatas-komaromban\/thumb_104_20211016_Kiss_Mate_lelkesziktatasa_foto_Adami_Maria_14.jpg\" alt=\"\" \/><\/a><\/p>\n<div class=\"cmask dark style1\">\n<div class=\"cmaskWrapper\"><\/div>\n<\/div>\n<\/div>\n<div class=\"cwgitem       style1\" data-border=\"10\" data-sub-html=\"\" data-src=\"https:\/\/www.evangelikus.hu\/images\/cwgallery\/104-lelkesziktatas-komaromban\/104_20211016_Kiss_Mate_lelkesziktatasa_foto_Adami_Maria_3.jpg\"><a class=\"cimage overlay\" href=\"https:\/\/www.evangelikus.hu\/images\/cwgallery\/104-lelkesziktatas-komaromban\/104_20211016_Kiss_Mate_lelkesziktatasa_foto_Adami_Maria_3.jpg\" data-fancybox=\"photo-104\" data-caption=\"\" data-title=\"\" data-rel=\"lightbox-image-12\" data-rl_title=\"\" data-rl_caption=\"\"><img decoding=\"async\" class=\"cphoto \" title=\"\" src=\"https:\/\/www.evangelikus.hu\/images\/cwgallery\/104-lelkesziktatas-komaromban\/thumb_104_20211016_Kiss_Mate_lelkesziktatasa_foto_Adami_Maria_3.jpg\" alt=\"\" \/><\/a><\/p>\n<div class=\"cmask dark style1\">\n<div class=\"cmaskWrapper\"><\/div>\n<\/div>\n<\/div>\n<div class=\"cwgitem       style1\" data-border=\"10\" data-sub-html=\"\" data-src=\"https:\/\/www.evangelikus.hu\/images\/cwgallery\/104-lelkesziktatas-komaromban\/104_20211016_Kiss_Mate_lelkesziktatasa_foto_Adami_Maria_15.jpg\"><a class=\"cimage overlay\" href=\"https:\/\/www.evangelikus.hu\/images\/cwgallery\/104-lelkesziktatas-komaromban\/104_20211016_Kiss_Mate_lelkesziktatasa_foto_Adami_Maria_15.jpg\" data-fancybox=\"photo-104\" data-caption=\"\" data-title=\"\" data-rel=\"lightbox-image-13\" data-rl_title=\"\" data-rl_caption=\"\"><img decoding=\"async\" class=\"cphoto \" title=\"\" src=\"https:\/\/www.evangelikus.hu\/images\/cwgallery\/104-lelkesziktatas-komaromban\/thumb_104_20211016_Kiss_Mate_lelkesziktatasa_foto_Adami_Maria_15.jpg\" alt=\"\" \/><\/a><\/p>\n<div class=\"cmask dark style1\">\n<div class=\"cmaskWrapper\"><\/div>\n<\/div>\n<\/div>\n<div class=\"cwgitem       style1\" data-border=\"10\" data-sub-html=\"\" data-src=\"https:\/\/www.evangelikus.hu\/images\/cwgallery\/104-lelkesziktatas-komaromban\/104_20211016_Kiss_Mate_lelkesziktatasa_foto_Adami_Maria_16.jpg\"><a class=\"cimage overlay\" href=\"https:\/\/www.evangelikus.hu\/images\/cwgallery\/104-lelkesziktatas-komaromban\/104_20211016_Kiss_Mate_lelkesziktatasa_foto_Adami_Maria_16.jpg\" data-fancybox=\"photo-104\" data-caption=\"\" data-title=\"\" data-rel=\"lightbox-image-14\" data-rl_title=\"\" data-rl_caption=\"\"><img decoding=\"async\" class=\"cphoto \" title=\"\" src=\"https:\/\/www.evangelikus.hu\/images\/cwgallery\/104-lelkesziktatas-komaromban\/thumb_104_20211016_Kiss_Mate_lelkesziktatasa_foto_Adami_Maria_16.jpg\" alt=\"\" \/><\/a><\/p>\n<div class=\"cmask dark style1\">\n<div class=\"cmaskWrapper\"><\/div>\n<\/div>\n<\/div>\n<div class=\"cwgitem       style1\" data-border=\"10\" data-sub-html=\"\" data-src=\"https:\/\/www.evangelikus.hu\/images\/cwgallery\/104-lelkesziktatas-komaromban\/104_20211016_Kiss_Mate_lelkesziktatasa_foto_Adami_Maria_17.jpg\"><a class=\"cimage overlay\" href=\"https:\/\/www.evangelikus.hu\/images\/cwgallery\/104-lelkesziktatas-komaromban\/104_20211016_Kiss_Mate_lelkesziktatasa_foto_Adami_Maria_17.jpg\" data-fancybox=\"photo-104\" data-caption=\"\" data-title=\"\" data-rel=\"lightbox-image-15\" data-rl_title=\"\" data-rl_caption=\"\"><img decoding=\"async\" class=\"cphoto \" title=\"\" src=\"https:\/\/www.evangelikus.hu\/images\/cwgallery\/104-lelkesziktatas-komaromban\/thumb_104_20211016_Kiss_Mate_lelkesziktatasa_foto_Adami_Maria_17.jpg\" alt=\"\" \/><\/a><\/p>\n<div class=\"cmask dark style1\">\n<div class=\"cmaskWrapper\"><\/div>\n<\/div>\n<\/div>\n<div class=\"cwgitem       style1\" data-border=\"10\" data-sub-html=\"\" data-src=\"https:\/\/www.evangelikus.hu\/images\/cwgallery\/104-lelkesziktatas-komaromban\/104_20211016_Kiss_Mate_lelkesziktatasa_foto_Adami_Maria_20.jpg\"><a class=\"cimage overlay\" href=\"https:\/\/www.evangelikus.hu\/images\/cwgallery\/104-lelkesziktatas-komaromban\/104_20211016_Kiss_Mate_lelkesziktatasa_foto_Adami_Maria_20.jpg\" data-fancybox=\"photo-104\" data-caption=\"\" data-title=\"\" data-rel=\"lightbox-image-16\" data-rl_title=\"\" data-rl_caption=\"\"><img decoding=\"async\" class=\"cphoto \" title=\"\" src=\"https:\/\/www.evangelikus.hu\/images\/cwgallery\/104-lelkesziktatas-komaromban\/thumb_104_20211016_Kiss_Mate_lelkesziktatasa_foto_Adami_Maria_20.jpg\" alt=\"\" \/><\/a><\/p>\n<div class=\"cmask dark style1\">\n<div class=\"cmaskWrapper\"><\/div>\n<\/div>\n<\/div>\n<div class=\"cwgitem       style1\" data-border=\"10\" data-sub-html=\"\" data-src=\"https:\/\/www.evangelikus.hu\/images\/cwgallery\/104-lelkesziktatas-komaromban\/104_20211016_Kiss_Mate_lelkesziktatasa_foto_Adami_Maria_18.jpg\"><a class=\"cimage overlay\" href=\"https:\/\/www.evangelikus.hu\/images\/cwgallery\/104-lelkesziktatas-komaromban\/104_20211016_Kiss_Mate_lelkesziktatasa_foto_Adami_Maria_18.jpg\" data-fancybox=\"photo-104\" data-caption=\"\" data-title=\"\" data-rel=\"lightbox-image-17\" data-rl_title=\"\" data-rl_caption=\"\"><img decoding=\"async\" class=\"cphoto \" title=\"\" src=\"https:\/\/www.evangelikus.hu\/images\/cwgallery\/104-lelkesziktatas-komaromban\/thumb_104_20211016_Kiss_Mate_lelkesziktatasa_foto_Adami_Maria_18.jpg\" alt=\"\" \/><\/a><\/p>\n<div class=\"cmask dark style1\">\n<div class=\"cmaskWrapper\"><\/div>\n<\/div>\n<\/div>\n<div class=\"cwgitem       style1\" data-border=\"10\" data-sub-html=\"\" data-src=\"https:\/\/www.evangelikus.hu\/images\/cwgallery\/104-lelkesziktatas-komaromban\/104_20211016_Kiss_Mate_lelkesziktatasa_foto_Adami_Maria_19.jpg\"><a class=\"cimage overlay\" href=\"https:\/\/www.evangelikus.hu\/images\/cwgallery\/104-lelkesziktatas-komaromban\/104_20211016_Kiss_Mate_lelkesziktatasa_foto_Adami_Maria_19.jpg\" data-fancybox=\"photo-104\" data-caption=\"\" data-title=\"\" data-rel=\"lightbox-image-18\" data-rl_title=\"\" data-rl_caption=\"\"><img decoding=\"async\" class=\"cphoto \" title=\"\" src=\"https:\/\/www.evangelikus.hu\/images\/cwgallery\/104-lelkesziktatas-komaromban\/thumb_104_20211016_Kiss_Mate_lelkesziktatasa_foto_Adami_Maria_19.jpg\" alt=\"\" \/><\/a><\/p>\n<div class=\"cmask dark style1\">\n<div class=\"cmaskWrapper\"><\/div>\n<\/div>\n<\/div>\n<div class=\"cwgitem       style1\" data-border=\"10\" data-sub-html=\"\" data-src=\"https:\/\/www.evangelikus.hu\/images\/cwgallery\/104-lelkesziktatas-komaromban\/104_20211016_Kiss_Mate_lelkesziktatasa_foto_Adami_Maria_21.jpg\"><a class=\"cimage overlay\" href=\"https:\/\/www.evangelikus.hu\/images\/cwgallery\/104-lelkesziktatas-komaromban\/104_20211016_Kiss_Mate_lelkesziktatasa_foto_Adami_Maria_21.jpg\" data-fancybox=\"photo-104\" data-caption=\"\" data-title=\"\" data-rel=\"lightbox-image-19\" data-rl_title=\"\" data-rl_caption=\"\"><img decoding=\"async\" class=\"cphoto \" title=\"\" src=\"https:\/\/www.evangelikus.hu\/images\/cwgallery\/104-lelkesziktatas-komaromban\/thumb_104_20211016_Kiss_Mate_lelkesziktatasa_foto_Adami_Maria_21.jpg\" alt=\"\" \/><\/a><\/p>\n<div class=\"cmask dark style1\">\n<div class=\"cmaskWrapper\"><\/div>\n<\/div>\n<\/div>\n<div class=\"cwgitem       style1\" data-border=\"10\" data-sub-html=\"\" data-src=\"https:\/\/www.evangelikus.hu\/images\/cwgallery\/104-lelkesziktatas-komaromban\/104_20211016_Kiss_Mate_lelkesziktatasa_foto_Adami_Maria_22.jpg\"><a class=\"cimage overlay\" href=\"https:\/\/www.evangelikus.hu\/images\/cwgallery\/104-lelkesziktatas-komaromban\/104_20211016_Kiss_Mate_lelkesziktatasa_foto_Adami_Maria_22.jpg\" data-fancybox=\"photo-104\" data-caption=\"\" data-title=\"\" data-rel=\"lightbox-image-20\" data-rl_title=\"\" data-rl_caption=\"\"><img decoding=\"async\" class=\"cphoto \" title=\"\" src=\"https:\/\/www.evangelikus.hu\/images\/cwgallery\/104-lelkesziktatas-komaromban\/thumb_104_20211016_Kiss_Mate_lelkesziktatasa_foto_Adami_Maria_22.jpg\" alt=\"\" \/><\/a><\/p>\n<div class=\"cmask dark style1\">\n<div class=\"cmaskWrapper\"><\/div>\n<\/div>\n<\/div>\n<div class=\"cwgitem       style1\" data-border=\"10\" data-sub-html=\"\" data-src=\"https:\/\/www.evangelikus.hu\/images\/cwgallery\/104-lelkesziktatas-komaromban\/104_20211016_Kiss_Mate_lelkesziktatasa_foto_Adami_Maria_23.jpg\"><a class=\"cimage overlay\" href=\"https:\/\/www.evangelikus.hu\/images\/cwgallery\/104-lelkesziktatas-komaromban\/104_20211016_Kiss_Mate_lelkesziktatasa_foto_Adami_Maria_23.jpg\" data-fancybox=\"photo-104\" data-caption=\"\" data-title=\"\" data-rel=\"lightbox-image-21\" data-rl_title=\"\" data-rl_caption=\"\"><img decoding=\"async\" class=\"cphoto \" title=\"\" src=\"https:\/\/www.evangelikus.hu\/images\/cwgallery\/104-lelkesziktatas-komaromban\/thumb_104_20211016_Kiss_Mate_lelkesziktatasa_foto_Adami_Maria_23.jpg\" alt=\"\" \/><\/a><\/p>\n<div class=\"cmask dark style1\">\n<div class=\"cmaskWrapper\"><\/div>\n<\/div>\n<\/div>\n<div class=\"cwgitem       style1\" data-border=\"10\" data-sub-html=\"\" data-src=\"https:\/\/www.evangelikus.hu\/images\/cwgallery\/104-lelkesziktatas-komaromban\/104_20211016_Kiss_Mate_lelkesziktatasa_foto_Adami_Maria_24.jpg\"><a class=\"cimage overlay\" href=\"https:\/\/www.evangelikus.hu\/images\/cwgallery\/104-lelkesziktatas-komaromban\/104_20211016_Kiss_Mate_lelkesziktatasa_foto_Adami_Maria_24.jpg\" data-fancybox=\"photo-104\" data-caption=\"\" data-title=\"\" data-rel=\"lightbox-image-22\" data-rl_title=\"\" data-rl_caption=\"\"><img decoding=\"async\" class=\"cphoto \" title=\"\" src=\"https:\/\/www.evangelikus.hu\/images\/cwgallery\/104-lelkesziktatas-komaromban\/thumb_104_20211016_Kiss_Mate_lelkesziktatasa_foto_Adami_Maria_24.jpg\" alt=\"\" \/><\/a><\/div>\n<div data-border=\"10\" data-sub-html=\"\" data-src=\"https:\/\/www.evangelikus.hu\/images\/cwgallery\/104-lelkesziktatas-komaromban\/104_20211016_Kiss_Mate_lelkesziktatasa_foto_Adami_Maria_24.jpg\">\n<p>&nbsp;<\/p>\n<p>Forr\u00e1s:\u00a0<a href=\"https:\/\/www.evangelikus.hu\/hireink\/itthon\/az-elottunk-jaro-isten-nyomaban?fbclid=IwAR2T6jyhwpfayt5m9RQTMXYUsyvfym-snZ6-YmVnSHGGOMzJoUpm9wpop0U\">https:\/\/www.evangelikus.hu\/hireink\/itthon\/az-elottunk-jaro-isten-nyomaban?fbclid=IwAR2T6jyhwpfayt5m9RQTMXYUsyvfym-snZ6-YmVnSHGGOMzJoUpm9wpop0U<\/a><\/p>\n<p>&nbsp;<\/p>\n<\/div>\n","protected":false},"excerpt":{"rendered":"<p>Sz\u00f6veg \u00e9s fot\u00f3: Ad\u00e1mi M\u00e1ria Visszat\u00e9rt sz\u00fcl\u0151v\u00e1ros\u00e1ba Kiss M\u00e1t\u00e9, akit okt\u00f3ber 16-\u00e1n iktatott be a Kom\u00e1romi Evang\u00e9likus Egyh\u00e1zk\u00f6zs\u00e9g par\u00f3kus lelk\u00e9szi hivatal\u00e1ba Szarka Istv\u00e1n, a Fej\u00e9r-Kom\u00e1romi Egyh\u00e1zmegye esperese. Az \u00faj lelk\u00e9sz [&hellip;]<\/p>\n","protected":false},"author":52,"featured_media":0,"comment_status":"open","ping_status":"open","sticky":false,"template":"","format":"standard","meta":{"_monsterinsights_skip_tracking":false,"_monsterinsights_sitenote_active":false,"_monsterinsights_sitenote_note":"","_monsterinsights_sitenote_category":0,"_themeisle_gutenberg_block_has_review":false,"footnotes":""},"categories":[1],"tags":[],"class_list":["post-446","post","type-post","status-publish","format-standard","hentry","category-egyeb"],"jetpack_featured_media_url":"","_links":{"self":[{"href":"https:\/\/komarom.egyhazkozseg.hu\/index.php?rest_route=\/wp\/v2\/posts\/446","targetHints":{"allow":["GET"]}}],"collection":[{"href":"https:\/\/komarom.egyhazkozseg.hu\/index.php?rest_route=\/wp\/v2\/posts"}],"about":[{"href":"https:\/\/komarom.egyhazkozseg.hu\/index.php?rest_route=\/wp\/v2\/types\/post"}],"author":[{"embeddable":true,"href":"https:\/\/komarom.egyhazkozseg.hu\/index.php?rest_route=\/wp\/v2\/users\/52"}],"replies":[{"embeddable":true,"href":"https:\/\/komarom.egyhazkozseg.hu\/index.php?rest_route=%2Fwp%2Fv2%2Fcomments&post=446"}],"version-history":[{"count":2,"href":"https:\/\/komarom.egyhazkozseg.hu\/index.php?rest_route=\/wp\/v2\/posts\/446\/revisions"}],"predecessor-version":[{"id":448,"href":"https:\/\/komarom.egyhazkozseg.hu\/index.php?rest_route=\/wp\/v2\/posts\/446\/revisions\/448"}],"wp:attachment":[{"href":"https:\/\/komarom.egyhazkozseg.hu\/index.php?rest_route=%2Fwp%2Fv2%2Fmedia&parent=446"}],"wp:term":[{"taxonomy":"category","embeddable":true,"href":"https:\/\/komarom.egyhazkozseg.hu\/index.php?rest_route=%2Fwp%2Fv2%2Fcategories&post=446"},{"taxonomy":"post_tag","embeddable":true,"href":"https:\/\/komarom.egyhazkozseg.hu\/index.php?rest_route=%2Fwp%2Fv2%2Ftags&post=446"}],"curies":[{"name":"wp","href":"https:\/\/api.w.org\/{rel}","templated":true}]}}