{"id":513,"date":"2021-12-04T09:00:41","date_gmt":"2021-12-04T09:00:41","guid":{"rendered":"https:\/\/komarom.egyhazkozseg.hu\/?p=513"},"modified":"2021-12-05T14:15:54","modified_gmt":"2021-12-05T14:15:54","slug":"advent-elo-csaladi-nap-volt-komaromban-2021-11-27-en","status":"publish","type":"post","link":"https:\/\/komarom.egyhazkozseg.hu\/?p=513","title":{"rendered":"\u00c1dvent-el\u0151 csal\u00e1di nap volt Kom\u00e1romban 2021.11.27-\u00e9n"},"content":{"rendered":"<p>A Kom\u00e1romi Evang\u00e9likus Egyh\u00e1zk\u00f6zs\u00e9g 11.27-\u00e9n tartotta misszi\u00f3i \u00e9s csal\u00e1di napj\u00e1t a kom\u00e1romi Gener\u00e1ci\u00f3k H\u00e1z\u00e1ban.<\/p>\n<p><img fetchpriority=\"high\" decoding=\"async\" class=\"alignnone size-full wp-image-624\" src=\"http:\/\/komarom.egyhazkozseg.hu\/wp-content\/uploads\/sites\/55\/2021\/12\/DSC_0110-scaled.jpg\" alt=\"\" width=\"2560\" height=\"1714\" srcset=\"https:\/\/komarom.egyhazkozseg.hu\/wp-content\/uploads\/sites\/55\/2021\/12\/DSC_0110-scaled.jpg 2560w, https:\/\/komarom.egyhazkozseg.hu\/wp-content\/uploads\/sites\/55\/2021\/12\/DSC_0110-300x201.jpg 300w, https:\/\/komarom.egyhazkozseg.hu\/wp-content\/uploads\/sites\/55\/2021\/12\/DSC_0110-1024x685.jpg 1024w, https:\/\/komarom.egyhazkozseg.hu\/wp-content\/uploads\/sites\/55\/2021\/12\/DSC_0110-768x514.jpg 768w, https:\/\/komarom.egyhazkozseg.hu\/wp-content\/uploads\/sites\/55\/2021\/12\/DSC_0110-1536x1028.jpg 1536w, https:\/\/komarom.egyhazkozseg.hu\/wp-content\/uploads\/sites\/55\/2021\/12\/DSC_0110-2048x1371.jpg 2048w\" sizes=\"(max-width: 2560px) 100vw, 2560px\" \/> A napot hosszas k\u00e9sz\u00fcl\u0151d\u00e9s el\u0151zte meg, melyb\u0151l kivette r\u00e9sz\u00e9t a gy\u00fclekezet apraja-nagyja. K\u00f6z\u00f6s \u00e9nekl\u00e9ssel \u00e9s egy el\u0151ad\u00e1ssal kezd\u0151d\u00f6tt a program. Marco Leeuw Van Weenen a Szent csal\u00e1dr\u00f3l besz\u00e9lt, hogyan v\u00e1lhatunk mi is Krisztus \u00e1ltal megszentelt csal\u00e1dd\u00e1. Isten a csal\u00e1dokat arra h\u00edvta el, hogy az \u0150 l\u00e9ny\u00e9t t\u00fckr\u00f6zz\u00e9k vissza. El\u0151ad\u00e1s\u00e1ban kihangs\u00falyozta, hogy a gyermekeinket k\u00f6z\u00f6ss\u00e9gben kell nevelni \u00e9s Isten el\u0151tt felel\u0151ss\u00e9g\u00fcnk van a k\u00f6rnyezet\u00fcnkben l\u00e9v\u0151 csal\u00e1dok fel\u00e9. A csal\u00e1dban kialak\u00edtott szab\u00e1lyainkat pedig a Biblia t\u00fckr\u00e9ben kell megalkotnunk \u00e9s ez az \u00dar J\u00e9zus illetve gy\u00fclekezeti k\u00f6z\u00f6ss\u00e9g n\u00e9lk\u00fcl nem megy. A d\u00e9lel\u0151tti el\u0151ad\u00e1s alatt a gyermekek evang\u00e9liumi tan\u00edt\u00e1s\u00e1r\u00f3l a gy\u00fclekezet gyerek\u00f3r\u00e1sai gondoskodtak, kieg\u00e9sz\u00fclve a gy\u00fclekezetb\u0151l fiatal seg\u00edt\u0151kkel. \u0150k a betlehemi Szent csal\u00e1dr\u00f3l hallhattak t\u00f6rt\u00e9netet. Ezut\u00e1n a csal\u00e1dok k\u00f6z\u00f6sen a Pal\u00e1nat b\u00e1bmisszi\u00f3 el\u0151ad\u00e1s\u00e1ban a Panov ap\u00f3 kar\u00e1csonyi darabaot n\u00e9zt\u00e9k meg. A k\u00f6z\u00f6s eb\u00e9d \u00e9s k\u00e9zm\u0171vesked\u00e9s ut\u00e1n egy \u00e1hitattal z\u00e1rult a nap, A Szent csal\u00e1dba befogadva c\u00edmmel. M\u00e1rkus Tam\u00e1s reform\u00e1tus lelkip\u00e1sztor arr\u00f3l besz\u00e9lt, hogy csak J\u00e9zus Krisztusba vetett hit \u00e1ltal Isten az \u0151 fiaiv\u00e1 fogad benn\u00fcnket. Az, hogy \u00fcdv\u00f6ss\u00e9get nyert\u00fcnk nagy kegyelem \u00e9s hatalma felel\u0151ss\u00e9g. Nagy \u00f6r\u00f6m, hogy a gy\u00fclekezeti tagok h\u00edvogat\u00e1s\u00e1ra t\u00f6bben megmozdultak \u00e9s ebben a pand\u00e9mi\u00e1s id\u0151ben sz\u00e9p sz\u00e1mmal lehett\u00fcnk egy\u00fctt k\u00f6z\u00f6ss\u00e9gben Isten Ig\u00e9je k\u00f6r\u00fcl.<\/p>\n<p>&nbsp;<\/p>\n","protected":false},"excerpt":{"rendered":"<p>A Kom\u00e1romi Evang\u00e9likus Egyh\u00e1zk\u00f6zs\u00e9g 11.27-\u00e9n tartotta misszi\u00f3i \u00e9s csal\u00e1di napj\u00e1t a kom\u00e1romi Gener\u00e1ci\u00f3k H\u00e1z\u00e1ban. A napot hosszas k\u00e9sz\u00fcl\u0151d\u00e9s el\u0151zte meg, melyb\u0151l kivette r\u00e9sz\u00e9t a gy\u00fclekezet apraja-nagyja. K\u00f6z\u00f6s \u00e9nekl\u00e9ssel \u00e9s egy [&hellip;]<\/p>\n","protected":false},"author":52,"featured_media":0,"comment_status":"open","ping_status":"open","sticky":false,"template":"","format":"standard","meta":{"_monsterinsights_skip_tracking":false,"_monsterinsights_sitenote_active":false,"_monsterinsights_sitenote_note":"","_monsterinsights_sitenote_category":0,"_themeisle_gutenberg_block_has_review":false,"footnotes":""},"categories":[1],"tags":[],"class_list":["post-513","post","type-post","status-publish","format-standard","hentry","category-egyeb"],"jetpack_featured_media_url":"","_links":{"self":[{"href":"https:\/\/komarom.egyhazkozseg.hu\/index.php?rest_route=\/wp\/v2\/posts\/513","targetHints":{"allow":["GET"]}}],"collection":[{"href":"https:\/\/komarom.egyhazkozseg.hu\/index.php?rest_route=\/wp\/v2\/posts"}],"about":[{"href":"https:\/\/komarom.egyhazkozseg.hu\/index.php?rest_route=\/wp\/v2\/types\/post"}],"author":[{"embeddable":true,"href":"https:\/\/komarom.egyhazkozseg.hu\/index.php?rest_route=\/wp\/v2\/users\/52"}],"replies":[{"embeddable":true,"href":"https:\/\/komarom.egyhazkozseg.hu\/index.php?rest_route=%2Fwp%2Fv2%2Fcomments&post=513"}],"version-history":[{"count":6,"href":"https:\/\/komarom.egyhazkozseg.hu\/index.php?rest_route=\/wp\/v2\/posts\/513\/revisions"}],"predecessor-version":[{"id":636,"href":"https:\/\/komarom.egyhazkozseg.hu\/index.php?rest_route=\/wp\/v2\/posts\/513\/revisions\/636"}],"wp:attachment":[{"href":"https:\/\/komarom.egyhazkozseg.hu\/index.php?rest_route=%2Fwp%2Fv2%2Fmedia&parent=513"}],"wp:term":[{"taxonomy":"category","embeddable":true,"href":"https:\/\/komarom.egyhazkozseg.hu\/index.php?rest_route=%2Fwp%2Fv2%2Fcategories&post=513"},{"taxonomy":"post_tag","embeddable":true,"href":"https:\/\/komarom.egyhazkozseg.hu\/index.php?rest_route=%2Fwp%2Fv2%2Ftags&post=513"}],"curies":[{"name":"wp","href":"https:\/\/api.w.org\/{rel}","templated":true}]}}