{"id":751,"date":"2022-02-28T14:14:07","date_gmt":"2022-02-28T14:14:07","guid":{"rendered":"https:\/\/komarom.egyhazkozseg.hu\/?p=751"},"modified":"2022-02-28T14:14:07","modified_gmt":"2022-02-28T14:14:07","slug":"hogyan-segithetunk","status":"publish","type":"post","link":"https:\/\/komarom.egyhazkozseg.hu\/?p=751","title":{"rendered":"Hogyan seg\u00edthet\u00fcnk?"},"content":{"rendered":"<h4 id=\"template-Oi2YbGEN#0-0-0-3\" class=\"uk-h4 uk-text-secondary uk-position-relative uk-margin-remove-top\">Inform\u00e1ci\u00f3k az Ukrajna orosz megsz\u00e1ll\u00e1sa miatt bajba ker\u00fcltek megseg\u00edt\u00e9s\u00e9r\u0151l<\/h4>\n<p class=\"lead-justify\">Az Ukrajna orosz megsz\u00e1ll\u00e1sa miatt neh\u00e9z \u00e9lethelyzetbe ker\u00fcl\u0151, menek\u00fclni k\u00e9nyszer\u00fcl\u0151 embert\u00e1rsaink megseg\u00edt\u00e9s\u00e9r\u0151l <a href=\"https:\/\/www.evangelikus.hu\/hireink\/itthon\/menekulni-kenyszerulok-megsegiteserol-hatorozott-mee-zsinata\">hozott hat\u00e1rozatot<\/a> 2022. febru\u00e1r 26-ai \u00fcl\u00e9sszak\u00e1n a Magyarorsz\u00e1gi Evang\u00e9likus Egyh\u00e1z XI. Zsinata. Az al\u00e1bbiakban a seg\u00edts\u00e9gny\u00fajt\u00e1s konkr\u00e9t lehet\u0151s\u00e9geit szedt\u00fck \u00f6ssze. A cikk az aktualit\u00e1soknak megfelel\u0151en folyamatosan friss\u00fcl.<\/p>\n<p><img fetchpriority=\"high\" decoding=\"async\" src=\"https:\/\/www.evangelikus.hu\/images\/_fotok_uj_oldalra\/2022\/2022_02\/20220228\/MEE_segitseg_haboru_Ukrajna.jpg\" alt=\"Inform\u00e1ci\u00f3k az Ukrajna orosz megsz\u00e1ll\u00e1sa miatt bajba ker\u00fcltek megseg\u00edt\u00e9s\u00e9r\u0151l\" width=\"1400\" height=\"788\" \/><\/p>\n<h2>A Magyarorsz\u00e1gi Evang\u00e9likus Egyh\u00e1z (MEE) szerepv\u00e1llal\u00e1sa<\/h2>\n<p class=\"text-justify\">Az MEE saj\u00e1t m\u00e9ret\u00e9nek tudat\u00e1ban \u00e9s lehet\u0151s\u00e9geinek ismeret\u00e9ben, valamint a luther\u00e1nus hagyom\u00e1nyok jegy\u00e9ben, a professzionalit\u00e1sra t\u00f6rekedve k\u00edv\u00e1n\u00a0seg\u00edts\u00e9get ny\u00fajtani a bajban l\u00e9v\u0151knek, ez\u00e9rt els\u0151sorban az \u00e9rkez\u0151ket fogad\u00f3 ter\u00fcletekre, Kelet-Magyarorsz\u00e1gra f\u00f3kusz\u00e1lunk.<\/p>\n<p class=\"text-justify\">A ny\u00edregyh\u00e1zi evang\u00e9likus szeretetszolg\u00e1latok \u00e9s egy\u00e9b int\u00e9zm\u00e9nyek \u00f6sszefog\u00e1s\u00e1ban a munkat\u00e1rsak naponta felm\u00e9rik a hat\u00e1rra \u00e9rkez\u0151k konkr\u00e9t ig\u00e9nyeit, amelyeket m\u00e9g aznap beszereznek. \u00cdgy a t\u00e9nyleges sz\u00fcks\u00e9gletek alapj\u00e1n, r\u00f6vid hat\u00e1rid\u0151n bel\u00fcl \u00e1llnak \u00f6ssze az adom\u00e1nyok, amelyekkel k\u00f6zvetlen\u00fcl helyben tudjuk seg\u00edteni a \u2013 legt\u00f6bbsz\u00f6r a k\u00f6vetkez\u0151 nap m\u00e1r tov\u00e1bb is indul\u00f3 \u2013 csal\u00e1dokat. A befolyt t\u00e1mogat\u00e1sokb\u00f3l ezeket a konkr\u00e9t beszerz\u00e9seket, valamint az ukr\u00e1nul is besz\u00e9l\u0151 munkat\u00e1rsakat finansz\u00edrozzuk, akik seg\u00edtik a t\u00e1mogat\u00f3i munk\u00e1t, valamint inform\u00e1ci\u00f3val l\u00e1tj\u00e1k el az \u00e9rkez\u0151ket.<\/p>\n<h2>Adom\u00e1nygy\u0171jt\u00e9s<\/h2>\n<p class=\"text-justify\">A seg\u00edts\u00e9gny\u00fajt\u00e1s leggyorsabb \u00e9s leghat\u00e9konyabb m\u00f3dja a p\u00e9nzbeli adom\u00e1ny, ez\u00e9rt k\u00e9rj\u00fck, hogy amennyiben lehet\u0151s\u00e9g\u00fck van r\u00e1, ilyen m\u00f3don t\u00e1mogass\u00e1k a menek\u00fclni k\u00e9nyszer\u00fcl\u0151ket.<\/p>\n<p class=\"text-justify\">A p\u00e9nzadom\u00e1nyokat k\u00e9tf\u00e9le m\u00f3don v\u00e1rjuk:<\/p>\n<p class=\"text-justify\">\u2013 online bankk\u00e1rty\u00e1s fizet\u00e9ssel a <a href=\"https:\/\/perselypenz.lutheran.hu\/ukrajna\"><em>Perselyp\u00e9nz.hu <\/em>oldalon az erre a konkr\u00e9t c\u00e9lra fenntartott fel\u00fcleten<\/a> kereszt\u00fcl,<\/p>\n<p class=\"text-justify\">\u2013 utal\u00e1ssal az al\u00e1bbi sz\u00e1mlasz\u00e1mra:<\/p>\n<ul>\n<li class=\"text-justify\">N\u00e9v: M.EV.EGYH. \u2013 Rendk\u00edv\u00fcli gy\u0171jt\u00e9s<\/li>\n<li>Banksz\u00e1mlasz\u00e1m: 11707024-20478070<\/li>\n<li>IBAN: HU70 1170 7024 2047 8070<\/li>\n<li>SWIFT: OTPVHUHB<\/li>\n<\/ul>\n<h2>T\u00e1rgyi \u00e9s sz\u00e1ll\u00e1sfelaj\u00e1nl\u00e1sok gy\u0171jt\u00e9se<\/h2>\n<p class=\"text-justify\">A folyamatosan v\u00e1ltoz\u00f3 ig\u00e9nyek miatt t\u00e1rgyi \u00e9s sz\u00e1ll\u00e1sfelaj\u00e1nl\u00e1sokkal kapcsolatban, k\u00e9rj\u00fck, minden esetben el\u0151zetesen egyeztessenek M\u00e9sz\u00e1ros Attil\u00e1val, az MEE Orsz\u00e1gos Irod\u00e1ja menek\u00fclt\u00fcgyi referens\u00e9vel az <span id=\"cloakb5a9e9c7551fcf6ac80e23b9e8645dbf\"><a href=\"mailto:attila.meszaros@lutheran.hu\">attila.meszaros@lutheran.hu<\/a><\/span> e-mail-c\u00edmen vagy a +36 20\u00a0513 3152-es telefonsz\u00e1mon.<\/p>\n<h2>Egy\u00fcttm\u0171k\u00f6d\u00e9s a humanit\u00e1rius szervezetekkel<\/h2>\n<p class=\"text-justify\">Az MEE Orsz\u00e1gos Irod\u00e1ja egyr\u00e9szt a megfelel\u0151 csatorn\u00e1kon\u00a0kereszt\u00fcl felaj\u00e1nlotta a magyar \u00e1llamnak egyh\u00e1zunk seg\u00edts\u00e9g\u00e9t. M\u00e1sr\u00e9szt felvette a kapcsolatot a Magyar \u00d6kumenikus Seg\u00e9lyszervezettel, hogy egyh\u00e1zunk sz\u00fcks\u00e9g eset\u00e9n vel\u00fck is egy\u00fctt tudjon m\u0171k\u00f6dni.<\/p>\n<h2>Adom\u00e1nyoz\u00e1s SMS-ben<\/h2>\n<p>Jelenleg az evang\u00e9likus flott\u00e1s el\u0151fizet\u00e9seken alap\u00e9rtelmezetten le vannak tiltva az emelt d\u00edjas szolg\u00e1ltat\u00e1sok (SMS \u00e9s h\u00edv\u00e1s) \u2013 ide tartoznak az adom\u00e1nyvonalak is. Aki szeretne h\u00edv\u00e1ssal vagy SMS-t k\u00fcldve adakozni m\u00e1s szervezetek sz\u00e1m\u00e1ra, az a <span id=\"cloak7e507c91b9a28db1c704fcc43b8f6f54\"><a href=\"mailto:telefon@lutheran.hu\">telefon@lutheran.hu<\/a><\/span> c\u00edmen vagy a +36 20 824 2020 kapcsolattart\u00f3i sz\u00e1mon tudja k\u00e9rni a letilt\u00e1s felold\u00e1s\u00e1t.<\/p>\n<p>\u00c1tvett cikk eredeti forr\u00e1s: <a href=\"https:\/\/www.evangelikus.hu\/hireink\/itthon\/informaciok-az-ukrajna-orosz-megszallasa-miatt-bajba-kerultek-megsegiteserol\">https:\/\/www.evangelikus.hu\/hireink\/itthon\/informaciok-az-ukrajna-orosz-megszallasa-miatt-bajba-kerultek-megsegiteserol<\/a><\/p>\n","protected":false},"excerpt":{"rendered":"<p>Inform\u00e1ci\u00f3k az Ukrajna orosz megsz\u00e1ll\u00e1sa miatt bajba ker\u00fcltek megseg\u00edt\u00e9s\u00e9r\u0151l Az Ukrajna orosz megsz\u00e1ll\u00e1sa miatt neh\u00e9z \u00e9lethelyzetbe ker\u00fcl\u0151, menek\u00fclni k\u00e9nyszer\u00fcl\u0151 embert\u00e1rsaink megseg\u00edt\u00e9s\u00e9r\u0151l hozott hat\u00e1rozatot 2022. febru\u00e1r 26-ai \u00fcl\u00e9sszak\u00e1n a Magyarorsz\u00e1gi Evang\u00e9likus [&hellip;]<\/p>\n","protected":false},"author":52,"featured_media":0,"comment_status":"open","ping_status":"open","sticky":false,"template":"","format":"standard","meta":{"_monsterinsights_skip_tracking":false,"_monsterinsights_sitenote_active":false,"_monsterinsights_sitenote_note":"","_monsterinsights_sitenote_category":0,"_themeisle_gutenberg_block_has_review":false,"footnotes":""},"categories":[1],"tags":[],"class_list":["post-751","post","type-post","status-publish","format-standard","hentry","category-egyeb"],"jetpack_featured_media_url":"","_links":{"self":[{"href":"https:\/\/komarom.egyhazkozseg.hu\/index.php?rest_route=\/wp\/v2\/posts\/751","targetHints":{"allow":["GET"]}}],"collection":[{"href":"https:\/\/komarom.egyhazkozseg.hu\/index.php?rest_route=\/wp\/v2\/posts"}],"about":[{"href":"https:\/\/komarom.egyhazkozseg.hu\/index.php?rest_route=\/wp\/v2\/types\/post"}],"author":[{"embeddable":true,"href":"https:\/\/komarom.egyhazkozseg.hu\/index.php?rest_route=\/wp\/v2\/users\/52"}],"replies":[{"embeddable":true,"href":"https:\/\/komarom.egyhazkozseg.hu\/index.php?rest_route=%2Fwp%2Fv2%2Fcomments&post=751"}],"version-history":[{"count":2,"href":"https:\/\/komarom.egyhazkozseg.hu\/index.php?rest_route=\/wp\/v2\/posts\/751\/revisions"}],"predecessor-version":[{"id":753,"href":"https:\/\/komarom.egyhazkozseg.hu\/index.php?rest_route=\/wp\/v2\/posts\/751\/revisions\/753"}],"wp:attachment":[{"href":"https:\/\/komarom.egyhazkozseg.hu\/index.php?rest_route=%2Fwp%2Fv2%2Fmedia&parent=751"}],"wp:term":[{"taxonomy":"category","embeddable":true,"href":"https:\/\/komarom.egyhazkozseg.hu\/index.php?rest_route=%2Fwp%2Fv2%2Fcategories&post=751"},{"taxonomy":"post_tag","embeddable":true,"href":"https:\/\/komarom.egyhazkozseg.hu\/index.php?rest_route=%2Fwp%2Fv2%2Ftags&post=751"}],"curies":[{"name":"wp","href":"https:\/\/api.w.org\/{rel}","templated":true}]}}