{"id":941,"date":"2022-06-12T11:39:48","date_gmt":"2022-06-12T11:39:48","guid":{"rendered":"https:\/\/komarom.egyhazkozseg.hu\/?p=941"},"modified":"2022-06-12T11:39:50","modified_gmt":"2022-06-12T11:39:50","slug":"adomanygyujtes-gyulekezeti-kozossegi-terre","status":"publish","type":"post","link":"https:\/\/komarom.egyhazkozseg.hu\/?p=941","title":{"rendered":"Adom\u00e1nygy\u0171jt\u00e9s gy\u00fclekezeti, k\u00f6z\u00f6ss\u00e9gi t\u00e9rre"},"content":{"rendered":"\n<figure class=\"wp-block-image size-full\"><img fetchpriority=\"high\" decoding=\"async\" width=\"940\" height=\"788\" src=\"http:\/\/komarom.egyhazkozseg.hu\/wp-content\/uploads\/sites\/55\/2022\/06\/Adomany-gyujtes-Facebook-bejegyzes.png\" alt=\"\" class=\"wp-image-942\" srcset=\"https:\/\/komarom.egyhazkozseg.hu\/wp-content\/uploads\/sites\/55\/2022\/06\/Adomany-gyujtes-Facebook-bejegyzes.png 940w, https:\/\/komarom.egyhazkozseg.hu\/wp-content\/uploads\/sites\/55\/2022\/06\/Adomany-gyujtes-Facebook-bejegyzes-300x251.png 300w, https:\/\/komarom.egyhazkozseg.hu\/wp-content\/uploads\/sites\/55\/2022\/06\/Adomany-gyujtes-Facebook-bejegyzes-768x644.png 768w\" sizes=\"(max-width: 940px) 100vw, 940px\" \/><\/figure>\n\n\n\n<p>Adom\u00e1nygy\u0171jt\u00e9st ind\u00edtott a kom\u00e1romi evang\u00e9likus gy\u00fclekezet, a gy\u00fclekezeti term\u00fck meg\u00faj\u00edt\u00e1s\u00e1ra. A sz\u00fcke\u00e9ges fel\u00faj\u00edt\u00e1sokhoz, a megn\u00f6vekedett k\u00f6lts\u00e9gek miatt sz\u00fcks\u00e9ges m\u00e9g gy\u0171jt\u00e9st szervezni \u00edgy k\u00e9r\u00fcnk mindenkit aki teheti, t\u00e1mogassa a r\u00e9gi \u00fczlethelyis\u00e9g\u00fcnk gy\u00fclekezti teremm\u00e9 alak\u00edt\u00e1s\u00e1t. Akit Isten ind\u00edt adakoz\u00e1sra az ezen a sz\u00e1mlasz\u00e1mon megtheteti: Kom\u00e1romi Evang\u00e9likus Egyh\u00e1zk\u00f6zs\u00e9g: 63200030-11033798. K\u00e9rj\u00fck a k\u00f6zlem\u00e9ny rovatba felt\u00fcntetni: &#8222;c\u00e9ladom\u00e1ny: gy\u00fclekezeti terem fel\u00faj\u00edt\u00e1sa &#8222;. Kor\u00e1bban \u00fczlethelyis\u00e9g volt a terem, \u00edgy sz\u00fcks\u00e9ges a burkolatokat megcsin\u00e1lni \u00e9s a vakol\u00e1st fest\u00e9st. H\u00e1l\u00e1san k\u00f6sz\u00f6nj\u00fck mindenkinek, aki eddig is \u00e9s ezut\u00e1n is adom\u00e1nyaival hozz\u00e1j\u00e1rul a gy\u00fclekezeti terem fel\u00faj\u00edt\u00e1s\u00e1hoz! Isten \u00e1ld\u00e1sa legyen minden adakoz\u00f3n!<\/p>\n\n\n\n<p>A jelenlegi \u00e1llapotr\u00f3l p\u00e1r k\u00e9p:<\/p>\n\n\n\n<div class=\"wp-block-columns is-layout-flex wp-container-core-columns-is-layout-9d6595d7 wp-block-columns-is-layout-flex\">\n<div class=\"wp-block-column is-layout-flow wp-block-column-is-layout-flow\" style=\"flex-basis:100%\">\n<div class=\"wp-block-cover is-light\"><span aria-hidden=\"true\" class=\"wp-block-cover__background has-background-dim\"><\/span><div class=\"wp-block-cover__inner-container is-layout-flow wp-block-cover-is-layout-flow\">\n<div class=\"wp-block-group\"><div class=\"wp-block-group__inner-container is-layout-flow wp-block-group-is-layout-flow\">\n<figure class=\"wp-block-gallery has-nested-images columns-default is-cropped wp-block-gallery-1 is-layout-flex wp-block-gallery-is-layout-flex\">\n<figure class=\"wp-block-image size-large\"><img decoding=\"async\" width=\"1920\" height=\"2560\" data-id=\"943\" src=\"http:\/\/komarom.egyhazkozseg.hu\/wp-content\/uploads\/sites\/55\/2022\/06\/IMG_8100-scaled.jpeg\" alt=\"\" class=\"wp-image-943\" srcset=\"https:\/\/komarom.egyhazkozseg.hu\/wp-content\/uploads\/sites\/55\/2022\/06\/IMG_8100-scaled.jpeg 1920w, https:\/\/komarom.egyhazkozseg.hu\/wp-content\/uploads\/sites\/55\/2022\/06\/IMG_8100-225x300.jpeg 225w, https:\/\/komarom.egyhazkozseg.hu\/wp-content\/uploads\/sites\/55\/2022\/06\/IMG_8100-768x1024.jpeg 768w, https:\/\/komarom.egyhazkozseg.hu\/wp-content\/uploads\/sites\/55\/2022\/06\/IMG_8100-1152x1536.jpeg 1152w, https:\/\/komarom.egyhazkozseg.hu\/wp-content\/uploads\/sites\/55\/2022\/06\/IMG_8100-1536x2048.jpeg 1536w\" sizes=\"(max-width: 1920px) 100vw, 1920px\" \/><\/figure>\n\n\n\n<figure class=\"wp-block-image size-large\"><img decoding=\"async\" width=\"1920\" height=\"2560\" data-id=\"944\" src=\"http:\/\/komarom.egyhazkozseg.hu\/wp-content\/uploads\/sites\/55\/2022\/06\/IMG_8099-scaled.jpeg\" alt=\"\" class=\"wp-image-944\" srcset=\"https:\/\/komarom.egyhazkozseg.hu\/wp-content\/uploads\/sites\/55\/2022\/06\/IMG_8099-scaled.jpeg 1920w, https:\/\/komarom.egyhazkozseg.hu\/wp-content\/uploads\/sites\/55\/2022\/06\/IMG_8099-225x300.jpeg 225w, https:\/\/komarom.egyhazkozseg.hu\/wp-content\/uploads\/sites\/55\/2022\/06\/IMG_8099-768x1024.jpeg 768w, https:\/\/komarom.egyhazkozseg.hu\/wp-content\/uploads\/sites\/55\/2022\/06\/IMG_8099-1152x1536.jpeg 1152w, https:\/\/komarom.egyhazkozseg.hu\/wp-content\/uploads\/sites\/55\/2022\/06\/IMG_8099-1536x2048.jpeg 1536w\" sizes=\"(max-width: 1920px) 100vw, 1920px\" \/><\/figure>\n\n\n\n<figure class=\"wp-block-image size-large\"><img loading=\"lazy\" decoding=\"async\" width=\"2560\" height=\"1920\" data-id=\"945\" src=\"http:\/\/komarom.egyhazkozseg.hu\/wp-content\/uploads\/sites\/55\/2022\/06\/IMG_8098-scaled.jpeg\" alt=\"\" class=\"wp-image-945\" srcset=\"https:\/\/komarom.egyhazkozseg.hu\/wp-content\/uploads\/sites\/55\/2022\/06\/IMG_8098-scaled.jpeg 2560w, https:\/\/komarom.egyhazkozseg.hu\/wp-content\/uploads\/sites\/55\/2022\/06\/IMG_8098-300x225.jpeg 300w, https:\/\/komarom.egyhazkozseg.hu\/wp-content\/uploads\/sites\/55\/2022\/06\/IMG_8098-1024x768.jpeg 1024w, https:\/\/komarom.egyhazkozseg.hu\/wp-content\/uploads\/sites\/55\/2022\/06\/IMG_8098-768x576.jpeg 768w, https:\/\/komarom.egyhazkozseg.hu\/wp-content\/uploads\/sites\/55\/2022\/06\/IMG_8098-1536x1152.jpeg 1536w, https:\/\/komarom.egyhazkozseg.hu\/wp-content\/uploads\/sites\/55\/2022\/06\/IMG_8098-2048x1536.jpeg 2048w\" sizes=\"(max-width: 2560px) 100vw, 2560px\" \/><\/figure>\n\n\n\n<figure class=\"wp-block-image size-large\"><img loading=\"lazy\" decoding=\"async\" width=\"2560\" height=\"1920\" data-id=\"946\" src=\"http:\/\/komarom.egyhazkozseg.hu\/wp-content\/uploads\/sites\/55\/2022\/06\/IMG_8101-scaled.jpeg\" alt=\"\" class=\"wp-image-946\" srcset=\"https:\/\/komarom.egyhazkozseg.hu\/wp-content\/uploads\/sites\/55\/2022\/06\/IMG_8101-scaled.jpeg 2560w, https:\/\/komarom.egyhazkozseg.hu\/wp-content\/uploads\/sites\/55\/2022\/06\/IMG_8101-300x225.jpeg 300w, https:\/\/komarom.egyhazkozseg.hu\/wp-content\/uploads\/sites\/55\/2022\/06\/IMG_8101-1024x768.jpeg 1024w, https:\/\/komarom.egyhazkozseg.hu\/wp-content\/uploads\/sites\/55\/2022\/06\/IMG_8101-768x576.jpeg 768w, https:\/\/komarom.egyhazkozseg.hu\/wp-content\/uploads\/sites\/55\/2022\/06\/IMG_8101-1536x1152.jpeg 1536w, https:\/\/komarom.egyhazkozseg.hu\/wp-content\/uploads\/sites\/55\/2022\/06\/IMG_8101-2048x1536.jpeg 2048w\" sizes=\"(max-width: 2560px) 100vw, 2560px\" \/><\/figure>\n<\/figure>\n<\/div><\/div>\n<\/div><\/div>\n<\/div>\n<\/div>\n\n\n\n<p><\/p>\n","protected":false},"excerpt":{"rendered":"<p>Adom\u00e1nygy\u0171jt\u00e9st ind\u00edtott a kom\u00e1romi evang\u00e9likus gy\u00fclekezet, a gy\u00fclekezeti term\u00fck meg\u00faj\u00edt\u00e1s\u00e1ra. A sz\u00fcke\u00e9ges fel\u00faj\u00edt\u00e1sokhoz, a megn\u00f6vekedett k\u00f6lts\u00e9gek miatt sz\u00fcks\u00e9ges m\u00e9g gy\u0171jt\u00e9st szervezni \u00edgy k\u00e9r\u00fcnk mindenkit aki teheti, t\u00e1mogassa a r\u00e9gi \u00fczlethelyis\u00e9g\u00fcnk [&hellip;]<\/p>\n","protected":false},"author":52,"featured_media":0,"comment_status":"closed","ping_status":"closed","sticky":false,"template":"","format":"standard","meta":{"_monsterinsights_skip_tracking":false,"_monsterinsights_sitenote_active":false,"_monsterinsights_sitenote_note":"","_monsterinsights_sitenote_category":0,"_themeisle_gutenberg_block_has_review":false,"footnotes":""},"categories":[1],"tags":[],"class_list":["post-941","post","type-post","status-publish","format-standard","hentry","category-egyeb"],"jetpack_featured_media_url":"","_links":{"self":[{"href":"https:\/\/komarom.egyhazkozseg.hu\/index.php?rest_route=\/wp\/v2\/posts\/941","targetHints":{"allow":["GET"]}}],"collection":[{"href":"https:\/\/komarom.egyhazkozseg.hu\/index.php?rest_route=\/wp\/v2\/posts"}],"about":[{"href":"https:\/\/komarom.egyhazkozseg.hu\/index.php?rest_route=\/wp\/v2\/types\/post"}],"author":[{"embeddable":true,"href":"https:\/\/komarom.egyhazkozseg.hu\/index.php?rest_route=\/wp\/v2\/users\/52"}],"replies":[{"embeddable":true,"href":"https:\/\/komarom.egyhazkozseg.hu\/index.php?rest_route=%2Fwp%2Fv2%2Fcomments&post=941"}],"version-history":[{"count":1,"href":"https:\/\/komarom.egyhazkozseg.hu\/index.php?rest_route=\/wp\/v2\/posts\/941\/revisions"}],"predecessor-version":[{"id":947,"href":"https:\/\/komarom.egyhazkozseg.hu\/index.php?rest_route=\/wp\/v2\/posts\/941\/revisions\/947"}],"wp:attachment":[{"href":"https:\/\/komarom.egyhazkozseg.hu\/index.php?rest_route=%2Fwp%2Fv2%2Fmedia&parent=941"}],"wp:term":[{"taxonomy":"category","embeddable":true,"href":"https:\/\/komarom.egyhazkozseg.hu\/index.php?rest_route=%2Fwp%2Fv2%2Fcategories&post=941"},{"taxonomy":"post_tag","embeddable":true,"href":"https:\/\/komarom.egyhazkozseg.hu\/index.php?rest_route=%2Fwp%2Fv2%2Ftags&post=941"}],"curies":[{"name":"wp","href":"https:\/\/api.w.org\/{rel}","templated":true}]}}